{"id":17435,"date":"2019-03-21T13:28:50","date_gmt":"2019-03-21T16:28:50","guid":{"rendered":"https:\/\/crc.org.ar\/w\/?p=17435"},"modified":"2019-03-21T13:28:50","modified_gmt":"2019-03-21T16:28:50","slug":"se-vuelven-a-ampliar-los-horarios-de-yoga-postural-en-regatas","status":"publish","type":"post","link":"https:\/\/crc.org.ar\/w\/se-vuelven-a-ampliar-los-horarios-de-yoga-postural-en-regatas\/","title":{"rendered":"Se vuelven a ampliar los horarios de Yoga postural en Regatas"},"content":{"rendered":"<p>(Jueves 21 de marzo de 2019). El yoga postural en el Club de Regatas Corrientes sigue creciendo, y con creces. Primero, en septiembre de 2018 se aprob\u00f3 una franja horaria por la ma\u00f1ana. Ahora, desde el pasado jueves 14 de marzo, tambi\u00e9n se podr\u00e1 practicar la actividad de 15 a 16.30 horas.<!--more--><\/p>\n<p><a href=\"https:\/\/crc.org.ar\/w\/wp-content\/uploads\/2019\/03\/Yoga2.jpeg\"><img loading=\"lazy\" decoding=\"async\" class=\"alignleft wp-image-17436 size-medium\" src=\"https:\/\/crc.org.ar\/w\/wp-content\/uploads\/2019\/03\/Yoga2-300x200.jpeg\" alt=\"\" width=\"300\" height=\"200\" srcset=\"https:\/\/crc.org.ar\/w\/wp-content\/uploads\/2019\/03\/Yoga2-300x200.jpeg 300w, https:\/\/crc.org.ar\/w\/wp-content\/uploads\/2019\/03\/Yoga2.jpeg 640w\" sizes=\"(max-width: 300px) 100vw, 300px\" \/><\/a>La Direcci\u00f3n de Deportes del Club de Regatas Corrientes inform\u00f3 que a partir del jueves 14 de marzo el yoga postural tendr\u00e1 m\u00e1s franjas horarias para su pr\u00e1ctica, siempre los d\u00edas martes y jueves.<\/p>\n<p>La actividad, que en septiembre se ampli\u00f3 en horario matutino, ahora tendr\u00e1 una nueva franja horaria de 15 a 16.30 horas, siempre los d\u00edas martes y jueves, a cargo de la instructora de yoga cient\u00edfico terap\u00e9utico, <strong>Marcela Airaldi<\/strong>.<\/p>\n<p>De esta manera los martes y jueves, se podr\u00e1 practica yoga de 9 a 10.30 horas; y por la tarde de 15 a 16.30, de 19 a 20.30 horas, y de 20.30 a 22 horas, en el sal\u00f3n de fiestas de la instituci\u00f3n; siempre destinado a personas adultas (mayores de 18 a\u00f1os), de ambos sexos.<a href=\"https:\/\/crc.org.ar\/w\/wp-content\/uploads\/2019\/03\/yoga5.jpeg\"><img loading=\"lazy\" decoding=\"async\" class=\"alignright wp-image-17437 size-medium\" src=\"https:\/\/crc.org.ar\/w\/wp-content\/uploads\/2019\/03\/yoga5-300x129.jpeg\" alt=\"\" width=\"300\" height=\"129\" srcset=\"https:\/\/crc.org.ar\/w\/wp-content\/uploads\/2019\/03\/yoga5-300x129.jpeg 300w, https:\/\/crc.org.ar\/w\/wp-content\/uploads\/2019\/03\/yoga5.jpeg 640w\" sizes=\"(max-width: 300px) 100vw, 300px\" \/><\/a><\/p>\n<p>Cabe se\u00f1alar que los cupos son limitados hasta 32 personas, para una mejor atenci\u00f3n, control y desarrollo de las clases, de acuerdo a lo dispuesto por la instructora <strong>Marcela Airaldi<\/strong>; que atiende, para consultas, en los horarios antes se\u00f1alados, antes de las pr\u00e1cticas.<\/p>\n","protected":false},"excerpt":{"rendered":"<p>(Jueves 21 de marzo de 2019). El yoga postural en el Club de Regatas Corrientes sigue creciendo, y con creces. Primero, en septiembre de 2018 se aprob\u00f3 una franja horaria por la ma\u00f1ana. Ahora, desde el pasado jueves 14 de marzo, tambi\u00e9n se podr\u00e1 practicar la actividad de 15 a 16.30 horas. La Direcci\u00f3n de &hellip;<\/p>\n","protected":false},"author":1,"featured_media":17436,"comment_status":"closed","ping_status":"closed","sticky":false,"template":"","format":"standard","meta":{"footnotes":""},"categories":[156,89],"tags":[],"_links":{"self":[{"href":"https:\/\/crc.org.ar\/w\/wp-json\/wp\/v2\/posts\/17435"}],"collection":[{"href":"https:\/\/crc.org.ar\/w\/wp-json\/wp\/v2\/posts"}],"about":[{"href":"https:\/\/crc.org.ar\/w\/wp-json\/wp\/v2\/types\/post"}],"author":[{"embeddable":true,"href":"https:\/\/crc.org.ar\/w\/wp-json\/wp\/v2\/users\/1"}],"replies":[{"embeddable":true,"href":"https:\/\/crc.org.ar\/w\/wp-json\/wp\/v2\/comments?post=17435"}],"version-history":[{"count":1,"href":"https:\/\/crc.org.ar\/w\/wp-json\/wp\/v2\/posts\/17435\/revisions"}],"predecessor-version":[{"id":17438,"href":"https:\/\/crc.org.ar\/w\/wp-json\/wp\/v2\/posts\/17435\/revisions\/17438"}],"wp:featuredmedia":[{"embeddable":true,"href":"https:\/\/crc.org.ar\/w\/wp-json\/wp\/v2\/media\/17436"}],"wp:attachment":[{"href":"https:\/\/crc.org.ar\/w\/wp-json\/wp\/v2\/media?parent=17435"}],"wp:term":[{"taxonomy":"category","embeddable":true,"href":"https:\/\/crc.org.ar\/w\/wp-json\/wp\/v2\/categories?post=17435"},{"taxonomy":"post_tag","embeddable":true,"href":"https:\/\/crc.org.ar\/w\/wp-json\/wp\/v2\/tags?post=17435"}],"curies":[{"name":"wp","href":"https:\/\/api.w.org\/{rel}","templated":true}]}}