{"id":17447,"date":"2019-03-22T11:20:27","date_gmt":"2019-03-22T14:20:27","guid":{"rendered":"https:\/\/crc.org.ar\/w\/?p=17447"},"modified":"2019-03-22T11:20:27","modified_gmt":"2019-03-22T14:20:27","slug":"el-remo-cierra-la-temporada-de-verano","status":"publish","type":"post","link":"https:\/\/crc.org.ar\/w\/el-remo-cierra-la-temporada-de-verano\/","title":{"rendered":"El remo cierra la temporada de verano"},"content":{"rendered":"<p>(Viernes 22 de marzo de 2019). Para cerrar la temporada veraniega, el remo llevar\u00e1 a cabo este s\u00e1bado la segunda y \u00faltima \u201cRegata de Verano\u201d. La concentraci\u00f3n ser\u00e1 a las 15 en el galp\u00f3n de botes del Club de Regatas Corrientes y las 16 comenzar\u00e1n las regatas.<!--more--><\/p>\n<p><a href=\"https:\/\/crc.org.ar\/w\/wp-content\/uploads\/2019\/03\/remo3.jpeg\"><img loading=\"lazy\" decoding=\"async\" class=\"wp-image-17448 size-medium alignleft\" src=\"https:\/\/crc.org.ar\/w\/wp-content\/uploads\/2019\/03\/remo3-300x172.jpeg\" alt=\"\" width=\"300\" height=\"172\" srcset=\"https:\/\/crc.org.ar\/w\/wp-content\/uploads\/2019\/03\/remo3-300x172.jpeg 300w, https:\/\/crc.org.ar\/w\/wp-content\/uploads\/2019\/03\/remo3.jpeg 640w\" sizes=\"(max-width: 300px) 100vw, 300px\" \/><\/a>A lo largo de toda la semana, tanto por la ma\u00f1ana como por la tarde, el remo sigui\u00f3 prepar\u00e1ndose para despedir una temporada de verano sin precedentes de convocatoria en los \u00faltimos a\u00f1os en el Club de Regatas Corrientes.<\/p>\n<p>Chicos, grandes; padres e hijos; ni\u00f1as y ni\u00f1os; adultos y los master no escatimaron esfuerzos para prepararse para la segunda \u201cRegata de Verano\u201d que se llevar\u00e1 a cabo este s\u00e1bado.<\/p>\n<p>Muchos inscriptos tras las convocatorias anteriores, que incluy\u00f3 a la primera \u201cRegatas de Verano\u201d y a la \u201cTraves\u00eda de 12 kil\u00f3metros por el Paran\u00e1\u201d, que fueron todo un \u00e9xito de convocatoria y compromiso para con el remo.<\/p>\n<p>A la actividad se enmarca en el Calendario 2019 de remo, a cargo del coordinador y entrenador internacional <strong>Harris Gonz\u00e1lez Escobar<\/strong>; y que finalizar\u00e1 el 13 de abril con la regata \u201cAlberto Dimidi\u201d, en conmoraci\u00f3n del D\u00eda del Remero Argentino.<\/p>\n<p>La segunda \u201cRegata de Verano\u201d, cuya concentraci\u00f3n ser\u00e1 a las 15 horas, comenzar\u00e1 a las 16 horas, por la cual se invita a todos los remeros a seguir inscribi\u00e9ndose para participar, en el gal\u00f3n de botes del club.<\/p>\n<p>La competencia, de 500 metros, ser\u00e1 en el r\u00edo Paran\u00e1, frente a la costa del Club de Regatas Corrientes, r\u00edo arriba para que la llegada pueda ser presenciada en la punta Mitre o bien en las piletas flotantes de r\u00edo del Club organizador.<\/p>\n<p>Por tal motivo est\u00e1n todos invitados a participar o presenciar la regata, que sigue buscando cautivar a los j\u00f3venes a la pr\u00e1ctica del remo, actividad que conjura el deporte con la naturaleza en el majestuoso r\u00edo Paran\u00e1.<\/p>\n<div id='gallery-1' class='gallery galleryid-17447 gallery-columns-3 gallery-size-thumbnail'><figure class='gallery-item'>\n\t\t\t<div class='gallery-icon landscape'>\n\t\t\t\t<a href='https:\/\/crc.org.ar\/w\/wp-content\/uploads\/2019\/03\/remo3.jpeg'><img loading=\"lazy\" decoding=\"async\" width=\"150\" height=\"150\" src=\"https:\/\/crc.org.ar\/w\/wp-content\/uploads\/2019\/03\/remo3-150x150.jpeg\" class=\"attachment-thumbnail size-thumbnail\" alt=\"\" \/><\/a>\n\t\t\t<\/div><\/figure><figure class='gallery-item'>\n\t\t\t<div class='gallery-icon landscape'>\n\t\t\t\t<a href='https:\/\/crc.org.ar\/w\/wp-content\/uploads\/2019\/03\/remo1.jpeg'><img loading=\"lazy\" decoding=\"async\" width=\"150\" height=\"150\" src=\"https:\/\/crc.org.ar\/w\/wp-content\/uploads\/2019\/03\/remo1-150x150.jpeg\" class=\"attachment-thumbnail size-thumbnail\" alt=\"\" \/><\/a>\n\t\t\t<\/div><\/figure><figure class='gallery-item'>\n\t\t\t<div class='gallery-icon landscape'>\n\t\t\t\t<a href='https:\/\/crc.org.ar\/w\/wp-content\/uploads\/2019\/03\/remo2.jpeg'><img loading=\"lazy\" decoding=\"async\" width=\"150\" height=\"150\" src=\"https:\/\/crc.org.ar\/w\/wp-content\/uploads\/2019\/03\/remo2-150x150.jpeg\" class=\"attachment-thumbnail size-thumbnail\" alt=\"\" \/><\/a>\n\t\t\t<\/div><\/figure><figure class='gallery-item'>\n\t\t\t<div class='gallery-icon landscape'>\n\t\t\t\t<a href='https:\/\/crc.org.ar\/w\/wp-content\/uploads\/2019\/03\/remo4.jpeg'><img loading=\"lazy\" decoding=\"async\" width=\"150\" height=\"150\" src=\"https:\/\/crc.org.ar\/w\/wp-content\/uploads\/2019\/03\/remo4-150x150.jpeg\" class=\"attachment-thumbnail size-thumbnail\" alt=\"\" \/><\/a>\n\t\t\t<\/div><\/figure><figure class='gallery-item'>\n\t\t\t<div class='gallery-icon landscape'>\n\t\t\t\t<a href='https:\/\/crc.org.ar\/w\/wp-content\/uploads\/2019\/03\/remo5.jpeg'><img loading=\"lazy\" decoding=\"async\" width=\"150\" height=\"150\" src=\"https:\/\/crc.org.ar\/w\/wp-content\/uploads\/2019\/03\/remo5-150x150.jpeg\" class=\"attachment-thumbnail size-thumbnail\" alt=\"\" \/><\/a>\n\t\t\t<\/div><\/figure><figure class='gallery-item'>\n\t\t\t<div class='gallery-icon landscape'>\n\t\t\t\t<a href='https:\/\/crc.org.ar\/w\/wp-content\/uploads\/2019\/03\/remo6.jpeg'><img loading=\"lazy\" decoding=\"async\" width=\"150\" height=\"150\" src=\"https:\/\/crc.org.ar\/w\/wp-content\/uploads\/2019\/03\/remo6-150x150.jpeg\" class=\"attachment-thumbnail size-thumbnail\" alt=\"\" \/><\/a>\n\t\t\t<\/div><\/figure>\n\t\t<\/div>\n\n","protected":false},"excerpt":{"rendered":"<p>(Viernes 22 de marzo de 2019). Para cerrar la temporada veraniega, el remo llevar\u00e1 a cabo este s\u00e1bado la segunda y \u00faltima \u201cRegata de Verano\u201d. La concentraci\u00f3n ser\u00e1 a las 15 en el galp\u00f3n de botes del Club de Regatas Corrientes y las 16 comenzar\u00e1n las regatas. A lo largo de toda la semana, tanto &hellip;<\/p>\n","protected":false},"author":1,"featured_media":17454,"comment_status":"closed","ping_status":"closed","sticky":false,"template":"","format":"standard","meta":{"footnotes":""},"categories":[156,18],"tags":[],"_links":{"self":[{"href":"https:\/\/crc.org.ar\/w\/wp-json\/wp\/v2\/posts\/17447"}],"collection":[{"href":"https:\/\/crc.org.ar\/w\/wp-json\/wp\/v2\/posts"}],"about":[{"href":"https:\/\/crc.org.ar\/w\/wp-json\/wp\/v2\/types\/post"}],"author":[{"embeddable":true,"href":"https:\/\/crc.org.ar\/w\/wp-json\/wp\/v2\/users\/1"}],"replies":[{"embeddable":true,"href":"https:\/\/crc.org.ar\/w\/wp-json\/wp\/v2\/comments?post=17447"}],"version-history":[{"count":1,"href":"https:\/\/crc.org.ar\/w\/wp-json\/wp\/v2\/posts\/17447\/revisions"}],"predecessor-version":[{"id":17455,"href":"https:\/\/crc.org.ar\/w\/wp-json\/wp\/v2\/posts\/17447\/revisions\/17455"}],"wp:featuredmedia":[{"embeddable":true,"href":"https:\/\/crc.org.ar\/w\/wp-json\/wp\/v2\/media\/17454"}],"wp:attachment":[{"href":"https:\/\/crc.org.ar\/w\/wp-json\/wp\/v2\/media?parent=17447"}],"wp:term":[{"taxonomy":"category","embeddable":true,"href":"https:\/\/crc.org.ar\/w\/wp-json\/wp\/v2\/categories?post=17447"},{"taxonomy":"post_tag","embeddable":true,"href":"https:\/\/crc.org.ar\/w\/wp-json\/wp\/v2\/tags?post=17447"}],"curies":[{"name":"wp","href":"https:\/\/api.w.org\/{rel}","templated":true}]}}