{"id":1750,"date":"2017-05-03T14:52:11","date_gmt":"2017-05-03T17:52:11","guid":{"rendered":"http:\/\/www.crc.org.ar\/w\/?p=1750"},"modified":"2017-05-03T14:52:11","modified_gmt":"2017-05-03T17:52:11","slug":"con-marcado-exito-se-corrio-la-regata-fundacion-de-la-ciudad-de-corrientes","status":"publish","type":"post","link":"https:\/\/crc.org.ar\/w\/con-marcado-exito-se-corrio-la-regata-fundacion-de-la-ciudad-de-corrientes\/","title":{"rendered":"Con marcado \u00e9xito se corri\u00f3 la regata \u201cFundaci\u00f3n de la Ciudad de Corrientes\u201d"},"content":{"rendered":"<p>(Mi\u00e9rcoles 3 de mayo de 2017). Solei, en la Clase \u201cA\u201d, Omega, en la \u201cB\u201d y Lady Tramp, en la Serie \u201cC\u201d, ganaron la regata \u201cFundaci\u00f3n de la Ciudad de Corrientes\u201d, que organiz\u00f3 la subcomisi\u00f3n de vela del Club de Regatas Corrientes.<!--more--><br \/>\n<img loading=\"lazy\" decoding=\"async\" class=\"size-medium wp-image-1751 alignleft\" src=\"http:\/\/www.crc.org.ar\/w\/wp-content\/uploads\/2017\/05\/VelaFundacion-400-300x167.jpg\" alt=\"\" width=\"300\" height=\"167\" srcset=\"https:\/\/crc.org.ar\/w\/wp-content\/uploads\/2017\/05\/VelaFundacion-400-300x167.jpg 300w, https:\/\/crc.org.ar\/w\/wp-content\/uploads\/2017\/05\/VelaFundacion-400.jpg 400w\" sizes=\"(max-width: 300px) 100vw, 300px\" \/><span class=\"tie-dropcap \">C<\/span>on marcado \u00e9xito se llev\u00f3 a cabo la regata \u201cFundaci\u00f3n de la Ciudad de Corrientes\u201d, una competencia de marcas fijas, barlo \u2013 sotavento, que fue organizada por la subcomisi\u00f3n de vela del Club de Regatas Corrientes.<\/p>\n<p>La competencia consisti\u00f3 en dos regatas barlo-sotavento en la cancha fue establecida en inmediaciones de la Isla Hern\u00e1ndez, seg\u00fan las especificaciones del Oficial de D\u00eda en la embarcaci\u00f3n \u201cDon Jos\u00e9\u201d.<\/p>\n<p>A las 16 hs se larg\u00f3 la primera regata con viento moderado a leve del este. La intensidad fue disminuyendo hacia el atardecer lo que puso a prueba la destreza de los capitanes para pelear contra la corriente del r\u00edo.<\/p>\n<p>En el Invencible se armaron dos tripulaciones que corrieron cada una de las regatas, para posibilitar la participaci\u00f3n de todos los alumnos del curso de timonel de yate a vela, todo un \u00e9xito y marca registrada de la instituci\u00f3n regatense, quedando quinto en la Serie B.<\/p>\n<p><strong>RESULTADOS<\/strong><br \/>\nEn la Serie A Solei fue el ganador, seguido por Itaca. En la Serie B, primero fue Omega, segundo Murdok y tercero Cleric\u00f3. Y por \u00faltimo en la Serie C Lady Tramp result\u00f3 el ganador, destino II segundo y Alpha, tercero.<\/p>\n[FAG id=1753]\n","protected":false},"excerpt":{"rendered":"<p>(Mi\u00e9rcoles 3 de mayo de 2017). Solei, en la Clase \u201cA\u201d, Omega, en la \u201cB\u201d y Lady Tramp, en la Serie \u201cC\u201d, ganaron la regata \u201cFundaci\u00f3n de la Ciudad de Corrientes\u201d, que organiz\u00f3 la subcomisi\u00f3n de vela del Club de Regatas Corrientes. Con marcado \u00e9xito se llev\u00f3 a cabo la regata \u201cFundaci\u00f3n de la Ciudad &hellip;<\/p>\n","protected":false},"author":1,"featured_media":1751,"comment_status":"closed","ping_status":"open","sticky":false,"template":"","format":"standard","meta":{"footnotes":""},"categories":[75],"tags":[],"_links":{"self":[{"href":"https:\/\/crc.org.ar\/w\/wp-json\/wp\/v2\/posts\/1750"}],"collection":[{"href":"https:\/\/crc.org.ar\/w\/wp-json\/wp\/v2\/posts"}],"about":[{"href":"https:\/\/crc.org.ar\/w\/wp-json\/wp\/v2\/types\/post"}],"author":[{"embeddable":true,"href":"https:\/\/crc.org.ar\/w\/wp-json\/wp\/v2\/users\/1"}],"replies":[{"embeddable":true,"href":"https:\/\/crc.org.ar\/w\/wp-json\/wp\/v2\/comments?post=1750"}],"version-history":[{"count":2,"href":"https:\/\/crc.org.ar\/w\/wp-json\/wp\/v2\/posts\/1750\/revisions"}],"predecessor-version":[{"id":1754,"href":"https:\/\/crc.org.ar\/w\/wp-json\/wp\/v2\/posts\/1750\/revisions\/1754"}],"wp:featuredmedia":[{"embeddable":true,"href":"https:\/\/crc.org.ar\/w\/wp-json\/wp\/v2\/media\/1751"}],"wp:attachment":[{"href":"https:\/\/crc.org.ar\/w\/wp-json\/wp\/v2\/media?parent=1750"}],"wp:term":[{"taxonomy":"category","embeddable":true,"href":"https:\/\/crc.org.ar\/w\/wp-json\/wp\/v2\/categories?post=1750"},{"taxonomy":"post_tag","embeddable":true,"href":"https:\/\/crc.org.ar\/w\/wp-json\/wp\/v2\/tags?post=1750"}],"curies":[{"name":"wp","href":"https:\/\/api.w.org\/{rel}","templated":true}]}}