{"id":17588,"date":"2019-03-25T09:19:53","date_gmt":"2019-03-25T12:19:53","guid":{"rendered":"https:\/\/crc.org.ar\/w\/?p=17588"},"modified":"2019-03-25T09:23:51","modified_gmt":"2019-03-25T12:23:51","slug":"con-marcado-exito-se-llevo-a-cabo-la-ii-regata-de-verano","status":"publish","type":"post","link":"https:\/\/crc.org.ar\/w\/con-marcado-exito-se-llevo-a-cabo-la-ii-regata-de-verano\/","title":{"rendered":"Con marcado \u00e9xito se llev\u00f3 a cabo la II Regata de Verano"},"content":{"rendered":"<p>(Lunes 25 de marzo de 2019). El pasado s\u00e1bado, se llev\u00f3 a cabo la II regata de \u201cVerano 2019\u201d, que sirvi\u00f3 adem\u00e1s para despedir la temporada veraniega de remo en el Club de Regatas Corrientes. Gran convocatoria, y mucho mejor el compromiso de los remeros.<!--more--><\/p>\n<p><a href=\"https:\/\/crc.org.ar\/w\/wp-content\/uploads\/2019\/03\/remo-verano10.jpeg\"><img loading=\"lazy\" decoding=\"async\" class=\"alignleft wp-image-17589 size-medium\" src=\"https:\/\/crc.org.ar\/w\/wp-content\/uploads\/2019\/03\/remo-verano10-300x200.jpeg\" alt=\"\" width=\"300\" height=\"200\" srcset=\"https:\/\/crc.org.ar\/w\/wp-content\/uploads\/2019\/03\/remo-verano10-300x200.jpeg 300w, https:\/\/crc.org.ar\/w\/wp-content\/uploads\/2019\/03\/remo-verano10.jpeg 640w\" sizes=\"(max-width: 300px) 100vw, 300px\" \/><\/a>Como estaba previsto, dentro del calendario 2019, el pasado s\u00e1bado a la tarde se realiz\u00f3 la II Regata de Verano del Club Regatas Corrientes, a cargo del flamante coordinador y entrenador de remo, <strong>Harris Gonz\u00e1lez Escobar<\/strong>.<\/p>\n<p>La regata cont\u00f3 con entusiastas remeros, entre los que se encontraban los de la escuelita, promocionales y m\u00e1ster del club, entre otros, que compitieron en m\u00e1s de una docena de pruebas en el r\u00edo Paran\u00e1, frente a la playa regatense.<\/p>\n<p>Singles, dobles, cu\u00e1druples; embarcaciones mixtas; chicos, grandes; botes de paseo o de competici\u00f3n; todo serv\u00eda para despedir el verano, todo serv\u00eda para remar y para demostrar que el remo en regatas estas m\u00e1s vivo que nunca.<\/p>\n<p>Tal es as\u00ed que hasta el d\u00eda, espl\u00e9ndido por otra parte, se sum\u00f3 a la actividad, que volvi\u00f3 a ser todo un \u00e9xito, como la primer convocatoria, fundamentalmente por el compromiso y las ganas de superaci\u00f3n de los remeros.<\/p>\n<p>La jornada, adem\u00e1s, convoc\u00f3 a familias enteras que se volcaron al Club o a la Punta Mitre para ver las regatas, apoyando a especialmente a sus hijos, que demostraron que en la temporada de verano, gracias a la Escuelita, aprendieron a remar y se sumar\u00e1n a la actividad.<\/p>\n<p>Ahora el trabajo ser\u00e1 el doble, especialmente para <strong>Harris Gonz\u00e1lez Escobar<\/strong> y su staff de entrenadores, ya que se comenzar\u00e1 darle forma definitiva\u00a0 al nuevo plantel de remo del Club de Regatas Corrientes.<\/p>\n<div id='gallery-1' class='gallery galleryid-17588 gallery-columns-5 gallery-size-thumbnail'><figure class='gallery-item'>\n\t\t\t<div class='gallery-icon landscape'>\n\t\t\t\t<a href='https:\/\/crc.org.ar\/w\/wp-content\/uploads\/2019\/03\/remo-verano10.jpeg'><img loading=\"lazy\" decoding=\"async\" width=\"150\" height=\"150\" src=\"https:\/\/crc.org.ar\/w\/wp-content\/uploads\/2019\/03\/remo-verano10-150x150.jpeg\" class=\"attachment-thumbnail size-thumbnail\" alt=\"\" \/><\/a>\n\t\t\t<\/div><\/figure><figure class='gallery-item'>\n\t\t\t<div class='gallery-icon landscape'>\n\t\t\t\t<a href='https:\/\/crc.org.ar\/w\/wp-content\/uploads\/2019\/03\/remo-verano.jpeg'><img loading=\"lazy\" decoding=\"async\" width=\"150\" height=\"150\" src=\"https:\/\/crc.org.ar\/w\/wp-content\/uploads\/2019\/03\/remo-verano-150x150.jpeg\" class=\"attachment-thumbnail size-thumbnail\" alt=\"\" \/><\/a>\n\t\t\t<\/div><\/figure><figure class='gallery-item'>\n\t\t\t<div class='gallery-icon landscape'>\n\t\t\t\t<a href='https:\/\/crc.org.ar\/w\/wp-content\/uploads\/2019\/03\/remo-verano1.jpeg'><img loading=\"lazy\" decoding=\"async\" width=\"150\" height=\"150\" src=\"https:\/\/crc.org.ar\/w\/wp-content\/uploads\/2019\/03\/remo-verano1-150x150.jpeg\" class=\"attachment-thumbnail size-thumbnail\" alt=\"\" \/><\/a>\n\t\t\t<\/div><\/figure><figure class='gallery-item'>\n\t\t\t<div class='gallery-icon landscape'>\n\t\t\t\t<a href='https:\/\/crc.org.ar\/w\/wp-content\/uploads\/2019\/03\/remo-verano2.jpeg'><img loading=\"lazy\" decoding=\"async\" width=\"150\" height=\"150\" src=\"https:\/\/crc.org.ar\/w\/wp-content\/uploads\/2019\/03\/remo-verano2-150x150.jpeg\" class=\"attachment-thumbnail size-thumbnail\" alt=\"\" \/><\/a>\n\t\t\t<\/div><\/figure><figure class='gallery-item'>\n\t\t\t<div class='gallery-icon landscape'>\n\t\t\t\t<a href='https:\/\/crc.org.ar\/w\/wp-content\/uploads\/2019\/03\/remo-verano3.jpeg'><img loading=\"lazy\" decoding=\"async\" width=\"150\" height=\"150\" src=\"https:\/\/crc.org.ar\/w\/wp-content\/uploads\/2019\/03\/remo-verano3-150x150.jpeg\" class=\"attachment-thumbnail size-thumbnail\" alt=\"\" \/><\/a>\n\t\t\t<\/div><\/figure><figure class='gallery-item'>\n\t\t\t<div class='gallery-icon landscape'>\n\t\t\t\t<a href='https:\/\/crc.org.ar\/w\/wp-content\/uploads\/2019\/03\/remo-verano4.jpeg'><img loading=\"lazy\" decoding=\"async\" width=\"150\" height=\"150\" src=\"https:\/\/crc.org.ar\/w\/wp-content\/uploads\/2019\/03\/remo-verano4-150x150.jpeg\" class=\"attachment-thumbnail size-thumbnail\" alt=\"\" \/><\/a>\n\t\t\t<\/div><\/figure><figure class='gallery-item'>\n\t\t\t<div class='gallery-icon landscape'>\n\t\t\t\t<a href='https:\/\/crc.org.ar\/w\/wp-content\/uploads\/2019\/03\/remo-verano5.jpeg'><img loading=\"lazy\" decoding=\"async\" width=\"150\" height=\"150\" src=\"https:\/\/crc.org.ar\/w\/wp-content\/uploads\/2019\/03\/remo-verano5-150x150.jpeg\" class=\"attachment-thumbnail size-thumbnail\" alt=\"\" \/><\/a>\n\t\t\t<\/div><\/figure><figure class='gallery-item'>\n\t\t\t<div class='gallery-icon landscape'>\n\t\t\t\t<a href='https:\/\/crc.org.ar\/w\/wp-content\/uploads\/2019\/03\/remo-verano6.jpeg'><img loading=\"lazy\" decoding=\"async\" width=\"150\" height=\"150\" src=\"https:\/\/crc.org.ar\/w\/wp-content\/uploads\/2019\/03\/remo-verano6-150x150.jpeg\" class=\"attachment-thumbnail size-thumbnail\" alt=\"\" \/><\/a>\n\t\t\t<\/div><\/figure><figure class='gallery-item'>\n\t\t\t<div class='gallery-icon landscape'>\n\t\t\t\t<a href='https:\/\/crc.org.ar\/w\/wp-content\/uploads\/2019\/03\/remo-verano7.jpeg'><img loading=\"lazy\" decoding=\"async\" width=\"150\" height=\"150\" src=\"https:\/\/crc.org.ar\/w\/wp-content\/uploads\/2019\/03\/remo-verano7-150x150.jpeg\" class=\"attachment-thumbnail size-thumbnail\" alt=\"\" \/><\/a>\n\t\t\t<\/div><\/figure><figure class='gallery-item'>\n\t\t\t<div class='gallery-icon landscape'>\n\t\t\t\t<a href='https:\/\/crc.org.ar\/w\/wp-content\/uploads\/2019\/03\/remo-verano8.jpeg'><img loading=\"lazy\" decoding=\"async\" width=\"150\" height=\"150\" src=\"https:\/\/crc.org.ar\/w\/wp-content\/uploads\/2019\/03\/remo-verano8-150x150.jpeg\" class=\"attachment-thumbnail size-thumbnail\" alt=\"\" \/><\/a>\n\t\t\t<\/div><\/figure><figure class='gallery-item'>\n\t\t\t<div class='gallery-icon landscape'>\n\t\t\t\t<a href='https:\/\/crc.org.ar\/w\/wp-content\/uploads\/2019\/03\/remo-verano9.jpeg'><img loading=\"lazy\" decoding=\"async\" width=\"150\" height=\"150\" src=\"https:\/\/crc.org.ar\/w\/wp-content\/uploads\/2019\/03\/remo-verano9-150x150.jpeg\" class=\"attachment-thumbnail size-thumbnail\" alt=\"\" \/><\/a>\n\t\t\t<\/div><\/figure><figure class='gallery-item'>\n\t\t\t<div class='gallery-icon landscape'>\n\t\t\t\t<a href='https:\/\/crc.org.ar\/w\/wp-content\/uploads\/2019\/03\/remo-verano10-1.jpeg'><img loading=\"lazy\" decoding=\"async\" width=\"150\" height=\"150\" src=\"https:\/\/crc.org.ar\/w\/wp-content\/uploads\/2019\/03\/remo-verano10-1-150x150.jpeg\" class=\"attachment-thumbnail size-thumbnail\" alt=\"\" \/><\/a>\n\t\t\t<\/div><\/figure>\n\t\t<\/div>\n\n","protected":false},"excerpt":{"rendered":"<p>(Lunes 25 de marzo de 2019). El pasado s\u00e1bado, se llev\u00f3 a cabo la II regata de \u201cVerano 2019\u201d, que sirvi\u00f3 adem\u00e1s para despedir la temporada veraniega de remo en el Club de Regatas Corrientes. Gran convocatoria, y mucho mejor el compromiso de los remeros. Como estaba previsto, dentro del calendario 2019, el pasado s\u00e1bado &hellip;<\/p>\n","protected":false},"author":1,"featured_media":17602,"comment_status":"closed","ping_status":"closed","sticky":false,"template":"","format":"standard","meta":{"footnotes":""},"categories":[156,18],"tags":[],"_links":{"self":[{"href":"https:\/\/crc.org.ar\/w\/wp-json\/wp\/v2\/posts\/17588"}],"collection":[{"href":"https:\/\/crc.org.ar\/w\/wp-json\/wp\/v2\/posts"}],"about":[{"href":"https:\/\/crc.org.ar\/w\/wp-json\/wp\/v2\/types\/post"}],"author":[{"embeddable":true,"href":"https:\/\/crc.org.ar\/w\/wp-json\/wp\/v2\/users\/1"}],"replies":[{"embeddable":true,"href":"https:\/\/crc.org.ar\/w\/wp-json\/wp\/v2\/comments?post=17588"}],"version-history":[{"count":1,"href":"https:\/\/crc.org.ar\/w\/wp-json\/wp\/v2\/posts\/17588\/revisions"}],"predecessor-version":[{"id":17601,"href":"https:\/\/crc.org.ar\/w\/wp-json\/wp\/v2\/posts\/17588\/revisions\/17601"}],"wp:featuredmedia":[{"embeddable":true,"href":"https:\/\/crc.org.ar\/w\/wp-json\/wp\/v2\/media\/17602"}],"wp:attachment":[{"href":"https:\/\/crc.org.ar\/w\/wp-json\/wp\/v2\/media?parent=17588"}],"wp:term":[{"taxonomy":"category","embeddable":true,"href":"https:\/\/crc.org.ar\/w\/wp-json\/wp\/v2\/categories?post=17588"},{"taxonomy":"post_tag","embeddable":true,"href":"https:\/\/crc.org.ar\/w\/wp-json\/wp\/v2\/tags?post=17588"}],"curies":[{"name":"wp","href":"https:\/\/api.w.org\/{rel}","templated":true}]}}