{"id":1785,"date":"2017-05-05T18:16:50","date_gmt":"2017-05-05T21:16:50","guid":{"rendered":"http:\/\/www.crc.org.ar\/w\/?p=1785"},"modified":"2017-05-05T18:16:50","modified_gmt":"2017-05-05T21:16:50","slug":"el-domingo-se-corre-la-regata-mes-aniversario-de-la-patria","status":"publish","type":"post","link":"https:\/\/crc.org.ar\/w\/el-domingo-se-corre-la-regata-mes-aniversario-de-la-patria\/","title":{"rendered":"El domingo se corre la regata \u201cMes Aniversario de la Patria\u201d"},"content":{"rendered":"<p>(Viernes 5 de mayo de 2017). Este domingo, a partir de las 15 horas, se llevar\u00e1 a cabo la regata \u201cMes Aniversario de la Patria\u201d, una competencia de marcas fijas organizada por la subcomisi\u00f3n de vela del Club de Regatas Corrientes.<!--more--><\/p>\n<p><img loading=\"lazy\" decoding=\"async\" class=\"size-medium wp-image-1786 alignleft\" src=\"http:\/\/www.crc.org.ar\/w\/wp-content\/uploads\/2017\/05\/Vela1Aniversario-400-300x246.jpg\" alt=\"\" width=\"300\" height=\"246\" srcset=\"https:\/\/crc.org.ar\/w\/wp-content\/uploads\/2017\/05\/Vela1Aniversario-400-300x246.jpg 300w, https:\/\/crc.org.ar\/w\/wp-content\/uploads\/2017\/05\/Vela1Aniversario-400.jpg 400w\" sizes=\"(max-width: 300px) 100vw, 300px\" \/>La subcomisi\u00f3n de vela del Club de Regatas Corrientes, al frente de Eduardo Spotti, continuar\u00e1 este domingo con su programa de actividades de la temporada 2017, que arranc\u00f3 con marcado \u00e9xito.<\/p>\n<p>En la oportunidad se corre la regata \u201cMes Aniversario de la Patria\u201d; una competencia de marcas fijas, que se largar\u00e1 desde el club organizador, para dar vuelta a la isla Hern\u00e1ndez, dej\u00e1ndola por babor, y culminar frente a la costanera sur.<\/p>\n<p>Recordemos que la actividad oficial de vela de la instituci\u00f3n regatense arranc\u00f3 con el torneo Apertura, una traves\u00eda Paso de la Patria \u2013 Corrientes, y continu\u00f3 con la barlo-sotavento \u201cFundaci\u00f3n de la Ciudad de Corrientes\u201d.<\/p>\n","protected":false},"excerpt":{"rendered":"<p>(Viernes 5 de mayo de 2017). Este domingo, a partir de las 15 horas, se llevar\u00e1 a cabo la regata \u201cMes Aniversario de la Patria\u201d, una competencia de marcas fijas organizada por la subcomisi\u00f3n de vela del Club de Regatas Corrientes. La subcomisi\u00f3n de vela del Club de Regatas Corrientes, al frente de Eduardo Spotti, &hellip;<\/p>\n","protected":false},"author":1,"featured_media":1786,"comment_status":"closed","ping_status":"open","sticky":false,"template":"","format":"standard","meta":{"footnotes":""},"categories":[75],"tags":[],"_links":{"self":[{"href":"https:\/\/crc.org.ar\/w\/wp-json\/wp\/v2\/posts\/1785"}],"collection":[{"href":"https:\/\/crc.org.ar\/w\/wp-json\/wp\/v2\/posts"}],"about":[{"href":"https:\/\/crc.org.ar\/w\/wp-json\/wp\/v2\/types\/post"}],"author":[{"embeddable":true,"href":"https:\/\/crc.org.ar\/w\/wp-json\/wp\/v2\/users\/1"}],"replies":[{"embeddable":true,"href":"https:\/\/crc.org.ar\/w\/wp-json\/wp\/v2\/comments?post=1785"}],"version-history":[{"count":1,"href":"https:\/\/crc.org.ar\/w\/wp-json\/wp\/v2\/posts\/1785\/revisions"}],"predecessor-version":[{"id":1787,"href":"https:\/\/crc.org.ar\/w\/wp-json\/wp\/v2\/posts\/1785\/revisions\/1787"}],"wp:featuredmedia":[{"embeddable":true,"href":"https:\/\/crc.org.ar\/w\/wp-json\/wp\/v2\/media\/1786"}],"wp:attachment":[{"href":"https:\/\/crc.org.ar\/w\/wp-json\/wp\/v2\/media?parent=1785"}],"wp:term":[{"taxonomy":"category","embeddable":true,"href":"https:\/\/crc.org.ar\/w\/wp-json\/wp\/v2\/categories?post=1785"},{"taxonomy":"post_tag","embeddable":true,"href":"https:\/\/crc.org.ar\/w\/wp-json\/wp\/v2\/tags?post=1785"}],"curies":[{"name":"wp","href":"https:\/\/api.w.org\/{rel}","templated":true}]}}