{"id":17860,"date":"2019-04-04T08:30:11","date_gmt":"2019-04-04T11:30:11","guid":{"rendered":"https:\/\/crc.org.ar\/w\/?p=17860"},"modified":"2019-04-04T08:38:01","modified_gmt":"2019-04-04T11:38:01","slug":"regatas-tropezo-con-colon","status":"publish","type":"post","link":"https:\/\/crc.org.ar\/w\/regatas-tropezo-con-colon\/","title":{"rendered":"Regatas tropez\u00f3 con Col\u00f3n"},"content":{"rendered":"<p>(Mi\u00e9rcoles 3 de abril de 2019). En la noche del mi\u00e9rcoles, en cancha del Club C\u00f3rdoba, Regatas Corrientes cay\u00f3 frente a Col\u00f3n por 62 a 43 por la segunda fecha de la Copa Palacio. La figura del juego fue Emilio Vallejos con 16 puntos.<!--more--><\/p>\n<p><a href=\"https:\/\/crc.org.ar\/w\/wp-content\/uploads\/2019\/04\/CRC-COLON5.jpeg\"><img loading=\"lazy\" decoding=\"async\" class=\"alignleft size-medium wp-image-17861\" src=\"https:\/\/crc.org.ar\/w\/wp-content\/uploads\/2019\/04\/CRC-COLON5-300x254.jpeg\" alt=\"\" width=\"300\" height=\"254\" srcset=\"https:\/\/crc.org.ar\/w\/wp-content\/uploads\/2019\/04\/CRC-COLON5-300x254.jpeg 300w, https:\/\/crc.org.ar\/w\/wp-content\/uploads\/2019\/04\/CRC-COLON5.jpeg 567w\" sizes=\"(max-width: 300px) 100vw, 300px\" \/><\/a>Tras el salto inicial, el juego se mantuvo muy parejo hasta los 5 minutos del cuarto, en donde el tablero indicaba 8 puntos para cada lado, sin embargo en los dos minutos finales, Col\u00f3n afin\u00f3 la punter\u00eda ofensiva, mientras que Regatas se estanc\u00f3 en ese \u00e1mbito, cerrando as\u00ed el primer parcial 15 a 12 en favor de los \u201cvioletas\u201d.<\/p>\n<p>De vuelta al juego, el partido se mantuvo en la misma t\u00f3nica que al inicio, parejo, con ambos perdiendo muchas pelotas, y si poder aprovechar las oportunidades de gol r\u00e1pido. Pero pasando la mitad del cuarto, Col\u00f3n empez\u00f3 a mostrar destellos de su buen juego, y con un buen aporte de Vallejos y de Monz\u00f3n, se cerr\u00f3 el primer tiempo 33 a 20.<\/p>\n<p>Tras el descanso largo, Regatas continu\u00f3 sin poder generar juego colectivo en ataque, depend\u00eda solamente de algunos arrestos individuales, y sin nadie que se destaque ni pueda romper la defensa de Col\u00f3n. Por su parte, los dirigidos por Carlos Villalba se secaron un poco en ataque, pero mantuvieron la diferencia apostando a su buena defensa, aunque\u00a0 sobre el cierre, un doble de Gauto y un triple de Robles, le permitieron al \u201cremero\u201d recortar la diferencia, y cerrar el ante\u00faltimo parcial 42 a 33 abajo.<\/p>\n<p>Pero ya en el \u00faltimo cuarto, r\u00e1pidamente Col\u00f3n volvi\u00f3 a estirar la ventaja encontrado puntos desde el banco, poni\u00e9ndose as\u00ed\u00a0 47 a 34 en apenas tres minutos de juego. De ah\u00ed en m\u00e1s el \u201cfantasma\u201d se volvi\u00f3 a secar en ataque, mientras que su rival consigui\u00f3 mucha precisi\u00f3n desde el per\u00edmetro, que le permitieron alejarse a\u00fan m\u00e1s en el marcador, y as\u00ed sellar su triunfo por 62 a 43.<\/p>\n<p>As\u00ed tras el buen debut \u201cremero\u201d donde dio cuenta de su cl\u00e1sico rival, San Mart\u00edn, Regatas tropez\u00f3 frente al \u00faltimo campe\u00f3n del Torneo Oficial de la ABCC, Col\u00f3n, y ahora deber\u00e1 esperar una semana para redimirse, cuando enfrente a Alvear en cancha de H\u00e9rcules, por la tercera fecha de la Copa Palacio.<\/p>\n<p><strong>LA S\u00cdNTESIS<\/strong><\/p>\n<p><strong>Col\u00f3n (62): <\/strong>Pablo Quagliozzi 3, Jonatan Monz\u00f3n 10, Ayrton Sequeira 3, Iv\u00e1n Ayala 5 y Emilio Vallejos 16 (FI); Francisco Pacce 9, Agust\u00edn Tabernero 9, Lautaro B\u00e1ez 2, M Maglio 0, E Khouri 3, Castillo 0 y Carlos Cazorla 2. <strong>DT: <\/strong>Carlos Villalba.<\/p>\n<p><strong>Regatas (43): <\/strong>Enzo Alvaredo 6, Joaqu\u00edn Sosa 7, Facundo Gonz\u00e1lez 2, Gianluca Dondo 0 y Franco Zalazar 6 (FI); Joaqu\u00edn Marc\u00f3n 5, Juan Cruz Scacchi 0, Fabio Gauto 9, Ignacio Marc\u00f3 1, Agust\u00edn Robles 3, Joaqu\u00edn N\u00fa\u00f1ez H\u00fcel 4 y Juan Mart\u00edn Quiroz Solla 0. \u00a0<strong>DT: <\/strong>Juan Pablo Mascar\u00f3.<\/p>\n<p><strong>\u00a0<\/strong><strong>Parciales: <\/strong>15\/12, 33\/20 (18\/8), 42\/33 (9\/13), 62\/43 (20\/10).<\/p>\n<p><strong>Jueces: <\/strong>Alejandro Costa y Sergio Navia.<strong> Estadio: <\/strong>Mariano Andino Igarzabal.<\/p>\n<div id='gallery-1' class='gallery galleryid-17860 gallery-columns-5 gallery-size-thumbnail'><figure class='gallery-item'>\n\t\t\t<div class='gallery-icon landscape'>\n\t\t\t\t<a href='https:\/\/crc.org.ar\/w\/wp-content\/uploads\/2019\/04\/CRC-COLON5.jpeg'><img loading=\"lazy\" decoding=\"async\" width=\"150\" height=\"150\" src=\"https:\/\/crc.org.ar\/w\/wp-content\/uploads\/2019\/04\/CRC-COLON5-150x150.jpeg\" class=\"attachment-thumbnail size-thumbnail\" alt=\"\" \/><\/a>\n\t\t\t<\/div><\/figure><figure class='gallery-item'>\n\t\t\t<div class='gallery-icon landscape'>\n\t\t\t\t<a href='https:\/\/crc.org.ar\/w\/wp-content\/uploads\/2019\/04\/CRC.jpeg'><img loading=\"lazy\" decoding=\"async\" width=\"150\" height=\"150\" src=\"https:\/\/crc.org.ar\/w\/wp-content\/uploads\/2019\/04\/CRC-150x150.jpeg\" class=\"attachment-thumbnail size-thumbnail\" alt=\"\" \/><\/a>\n\t\t\t<\/div><\/figure><figure class='gallery-item'>\n\t\t\t<div class='gallery-icon landscape'>\n\t\t\t\t<a href='https:\/\/crc.org.ar\/w\/wp-content\/uploads\/2019\/04\/CRC-COLON.jpeg'><img loading=\"lazy\" decoding=\"async\" width=\"150\" height=\"150\" src=\"https:\/\/crc.org.ar\/w\/wp-content\/uploads\/2019\/04\/CRC-COLON-150x150.jpeg\" class=\"attachment-thumbnail size-thumbnail\" alt=\"\" \/><\/a>\n\t\t\t<\/div><\/figure><figure class='gallery-item'>\n\t\t\t<div class='gallery-icon portrait'>\n\t\t\t\t<a href='https:\/\/crc.org.ar\/w\/wp-content\/uploads\/2019\/04\/CRC-COLON1.jpeg'><img loading=\"lazy\" decoding=\"async\" width=\"150\" height=\"150\" src=\"https:\/\/crc.org.ar\/w\/wp-content\/uploads\/2019\/04\/CRC-COLON1-150x150.jpeg\" class=\"attachment-thumbnail size-thumbnail\" alt=\"\" \/><\/a>\n\t\t\t<\/div><\/figure><figure class='gallery-item'>\n\t\t\t<div class='gallery-icon landscape'>\n\t\t\t\t<a href='https:\/\/crc.org.ar\/w\/wp-content\/uploads\/2019\/04\/CRC-COLON2.jpeg'><img loading=\"lazy\" decoding=\"async\" width=\"150\" height=\"150\" src=\"https:\/\/crc.org.ar\/w\/wp-content\/uploads\/2019\/04\/CRC-COLON2-150x150.jpeg\" class=\"attachment-thumbnail size-thumbnail\" alt=\"\" \/><\/a>\n\t\t\t<\/div><\/figure><figure class='gallery-item'>\n\t\t\t<div class='gallery-icon landscape'>\n\t\t\t\t<a href='https:\/\/crc.org.ar\/w\/wp-content\/uploads\/2019\/04\/CRC-COLON3.jpeg'><img loading=\"lazy\" decoding=\"async\" width=\"150\" height=\"150\" src=\"https:\/\/crc.org.ar\/w\/wp-content\/uploads\/2019\/04\/CRC-COLON3-150x150.jpeg\" class=\"attachment-thumbnail size-thumbnail\" alt=\"\" \/><\/a>\n\t\t\t<\/div><\/figure><figure class='gallery-item'>\n\t\t\t<div class='gallery-icon landscape'>\n\t\t\t\t<a href='https:\/\/crc.org.ar\/w\/wp-content\/uploads\/2019\/04\/CRC-COLON4.jpeg'><img loading=\"lazy\" decoding=\"async\" width=\"150\" height=\"150\" src=\"https:\/\/crc.org.ar\/w\/wp-content\/uploads\/2019\/04\/CRC-COLON4-150x150.jpeg\" class=\"attachment-thumbnail size-thumbnail\" alt=\"\" \/><\/a>\n\t\t\t<\/div><\/figure><figure class='gallery-item'>\n\t\t\t<div class='gallery-icon landscape'>\n\t\t\t\t<a href='https:\/\/crc.org.ar\/w\/wp-content\/uploads\/2019\/04\/CRC-COLON6.jpeg'><img loading=\"lazy\" decoding=\"async\" width=\"150\" height=\"150\" src=\"https:\/\/crc.org.ar\/w\/wp-content\/uploads\/2019\/04\/CRC-COLON6-150x150.jpeg\" class=\"attachment-thumbnail size-thumbnail\" alt=\"\" \/><\/a>\n\t\t\t<\/div><\/figure><figure class='gallery-item'>\n\t\t\t<div class='gallery-icon landscape'>\n\t\t\t\t<a href='https:\/\/crc.org.ar\/w\/wp-content\/uploads\/2019\/04\/CRC-COLON7.jpeg'><img loading=\"lazy\" decoding=\"async\" width=\"150\" height=\"150\" src=\"https:\/\/crc.org.ar\/w\/wp-content\/uploads\/2019\/04\/CRC-COLON7-150x150.jpeg\" class=\"attachment-thumbnail size-thumbnail\" alt=\"\" \/><\/a>\n\t\t\t<\/div><\/figure><figure class='gallery-item'>\n\t\t\t<div class='gallery-icon landscape'>\n\t\t\t\t<a href='https:\/\/crc.org.ar\/w\/wp-content\/uploads\/2019\/04\/CRC-COLON8.jpeg'><img loading=\"lazy\" decoding=\"async\" width=\"150\" height=\"150\" src=\"https:\/\/crc.org.ar\/w\/wp-content\/uploads\/2019\/04\/CRC-COLON8-150x150.jpeg\" class=\"attachment-thumbnail size-thumbnail\" alt=\"\" \/><\/a>\n\t\t\t<\/div><\/figure>\n\t\t<\/div>\n\n","protected":false},"excerpt":{"rendered":"<p>(Mi\u00e9rcoles 3 de abril de 2019). En la noche del mi\u00e9rcoles, en cancha del Club C\u00f3rdoba, Regatas Corrientes cay\u00f3 frente a Col\u00f3n por 62 a 43 por la segunda fecha de la Copa Palacio. La figura del juego fue Emilio Vallejos con 16 puntos. Tras el salto inicial, el juego se mantuvo muy parejo hasta &hellip;<\/p>\n","protected":false},"author":1,"featured_media":17871,"comment_status":"closed","ping_status":"closed","sticky":false,"template":"","format":"standard","meta":{"footnotes":""},"categories":[80,66,156],"tags":[],"_links":{"self":[{"href":"https:\/\/crc.org.ar\/w\/wp-json\/wp\/v2\/posts\/17860"}],"collection":[{"href":"https:\/\/crc.org.ar\/w\/wp-json\/wp\/v2\/posts"}],"about":[{"href":"https:\/\/crc.org.ar\/w\/wp-json\/wp\/v2\/types\/post"}],"author":[{"embeddable":true,"href":"https:\/\/crc.org.ar\/w\/wp-json\/wp\/v2\/users\/1"}],"replies":[{"embeddable":true,"href":"https:\/\/crc.org.ar\/w\/wp-json\/wp\/v2\/comments?post=17860"}],"version-history":[{"count":1,"href":"https:\/\/crc.org.ar\/w\/wp-json\/wp\/v2\/posts\/17860\/revisions"}],"predecessor-version":[{"id":17872,"href":"https:\/\/crc.org.ar\/w\/wp-json\/wp\/v2\/posts\/17860\/revisions\/17872"}],"wp:featuredmedia":[{"embeddable":true,"href":"https:\/\/crc.org.ar\/w\/wp-json\/wp\/v2\/media\/17871"}],"wp:attachment":[{"href":"https:\/\/crc.org.ar\/w\/wp-json\/wp\/v2\/media?parent=17860"}],"wp:term":[{"taxonomy":"category","embeddable":true,"href":"https:\/\/crc.org.ar\/w\/wp-json\/wp\/v2\/categories?post=17860"},{"taxonomy":"post_tag","embeddable":true,"href":"https:\/\/crc.org.ar\/w\/wp-json\/wp\/v2\/tags?post=17860"}],"curies":[{"name":"wp","href":"https:\/\/api.w.org\/{rel}","templated":true}]}}