{"id":17913,"date":"2019-04-05T19:00:15","date_gmt":"2019-04-05T22:00:15","guid":{"rendered":"https:\/\/crc.org.ar\/w\/?p=17913"},"modified":"2019-04-05T19:00:15","modified_gmt":"2019-04-05T22:00:15","slug":"regatas-dice-presente-en-el-encuentro-sudamericano-master-en-asuncion","status":"publish","type":"post","link":"https:\/\/crc.org.ar\/w\/regatas-dice-presente-en-el-encuentro-sudamericano-master-en-asuncion\/","title":{"rendered":"Regatas dice presente en el Encuentro  Sudamericano M\u00e1ster en Asunci\u00f3n"},"content":{"rendered":"<p>(Viernes 5 de abril de 2019). Con marcada expectativa el equipo de la Agrupaci\u00f3n de Remo M\u00e1ster del Club de Regatas Corrientes espera su debut en la XXIV edici\u00f3n del Encuentro Sudamericano de Remo Master de Clubes en la Bah\u00eda de Asunci\u00f3n.<\/p>\n<p><!--more--><\/p>\n<p><img loading=\"lazy\" decoding=\"async\" class=\"alignleft wp-image-17914 size-medium\" src=\"https:\/\/crc.org.ar\/w\/wp-content\/uploads\/2019\/04\/Vallejos-Vidal-Pato-en-Asuncion-225x300.jpg\" alt=\"\" width=\"225\" height=\"300\" srcset=\"https:\/\/crc.org.ar\/w\/wp-content\/uploads\/2019\/04\/Vallejos-Vidal-Pato-en-Asuncion-225x300.jpg 225w, https:\/\/crc.org.ar\/w\/wp-content\/uploads\/2019\/04\/Vallejos-Vidal-Pato-en-Asuncion.jpg 720w\" sizes=\"(max-width: 225px) 100vw, 225px\" \/>Comenzar\u00e1 este viernes la XXIV edici\u00f3n del Encuentro Sudamericano de Remo Master de Clubes en la Bah\u00eda de Asunci\u00f3n, Paraguay, organizado por el Club Deportivo Puerto Sajonia.<\/p>\n<p>El Campeonato Sudamericano contar\u00e1 con la participaci\u00f3n de remeros de Argentina, Uruguay, Brasil, Chile y Paraguay, entre otros; lo que har\u00e1 un total m\u00e1s de seiscientos (600) atletas compitiendo en alto rendimiento.<\/p>\n<p>De la tradicional competencia dir\u00e1 presente el equipo de la Agrupaci\u00f3n Master del Club de Regatas Corrientes integrado por <strong>Mar\u00eda Ver\u00f3nica Chequin, Ana Mar\u00eda Pato, Elizabet Vallejos, Felipe Ojeda, Diego Vidal, <\/strong>y<strong> Claudio Ojeda Gonz\u00e1lez.<\/strong><\/p>\n<p>El equipo regatense, que ya se encuentra en Asunci\u00f3n del Paraguay, cumpli\u00f3 con el protocolo de acreditaci\u00f3n a la espera de su debut; en un ambiente de mucha confraternidad y camarader\u00eda.<\/p>\n<p><strong>TRIPULACIONES<\/strong><\/p>\n<p>Las tripulaciones de Regatas para el Sudamericano, que se prolongar\u00e1 hasta el domingo, ser\u00e1n: <strong>Mar\u00eda Ver\u00f3nica Chequin <\/strong>y<strong> Felipe Ojeda <\/strong>en un 2x Mixto, en la categor\u00eda \u201cA\u201d, y <strong>Elizabet Vallejos <\/strong>y<strong> Diego Vidal <\/strong>en un 2x Mixto, en la categor\u00eda \u201cB\u201d.<\/p>\n<p>Adem\u00e1s de<strong> Felipe Ojeda <\/strong>y<strong> Claudio Ojeda Gonz\u00e1lez, <\/strong>en un 2x, en la categor\u00eda \u201cC\u201d, y en un 2x, categor\u00eda \u201cB\u201d; <strong>Ana Mar\u00eda Pato<\/strong>, en un 1x Femenino, en la categor\u00eda \u201cD\u201d, y <strong>Felipe Ojeda, <\/strong>en un 1x, en la categor\u00eda \u201cE\u201d.<\/p>\n","protected":false},"excerpt":{"rendered":"<p>(Viernes 5 de abril de 2019). Con marcada expectativa el equipo de la Agrupaci\u00f3n de Remo M\u00e1ster del Club de Regatas Corrientes espera su debut en la XXIV edici\u00f3n del Encuentro Sudamericano de Remo Master de Clubes en la Bah\u00eda de Asunci\u00f3n. Comenzar\u00e1 este viernes la XXIV edici\u00f3n del Encuentro Sudamericano de Remo Master de &hellip;<\/p>\n","protected":false},"author":1,"featured_media":17915,"comment_status":"closed","ping_status":"closed","sticky":false,"template":"","format":"standard","meta":{"footnotes":""},"categories":[156,18],"tags":[],"_links":{"self":[{"href":"https:\/\/crc.org.ar\/w\/wp-json\/wp\/v2\/posts\/17913"}],"collection":[{"href":"https:\/\/crc.org.ar\/w\/wp-json\/wp\/v2\/posts"}],"about":[{"href":"https:\/\/crc.org.ar\/w\/wp-json\/wp\/v2\/types\/post"}],"author":[{"embeddable":true,"href":"https:\/\/crc.org.ar\/w\/wp-json\/wp\/v2\/users\/1"}],"replies":[{"embeddable":true,"href":"https:\/\/crc.org.ar\/w\/wp-json\/wp\/v2\/comments?post=17913"}],"version-history":[{"count":1,"href":"https:\/\/crc.org.ar\/w\/wp-json\/wp\/v2\/posts\/17913\/revisions"}],"predecessor-version":[{"id":17916,"href":"https:\/\/crc.org.ar\/w\/wp-json\/wp\/v2\/posts\/17913\/revisions\/17916"}],"wp:featuredmedia":[{"embeddable":true,"href":"https:\/\/crc.org.ar\/w\/wp-json\/wp\/v2\/media\/17915"}],"wp:attachment":[{"href":"https:\/\/crc.org.ar\/w\/wp-json\/wp\/v2\/media?parent=17913"}],"wp:term":[{"taxonomy":"category","embeddable":true,"href":"https:\/\/crc.org.ar\/w\/wp-json\/wp\/v2\/categories?post=17913"},{"taxonomy":"post_tag","embeddable":true,"href":"https:\/\/crc.org.ar\/w\/wp-json\/wp\/v2\/tags?post=17913"}],"curies":[{"name":"wp","href":"https:\/\/api.w.org\/{rel}","templated":true}]}}