{"id":17958,"date":"2019-04-06T18:25:13","date_gmt":"2019-04-06T21:25:13","guid":{"rendered":"https:\/\/crc.org.ar\/w\/?p=17958"},"modified":"2019-04-06T18:25:13","modified_gmt":"2019-04-06T21:25:13","slug":"regatas-se-suma-al-dia-mundial-del-tenis-de-mesa-2019","status":"publish","type":"post","link":"https:\/\/crc.org.ar\/w\/regatas-se-suma-al-dia-mundial-del-tenis-de-mesa-2019\/","title":{"rendered":"Regatas se suma al \u201cD\u00eda Mundial del Tenis de Mesa 2019\u201d"},"content":{"rendered":"<p>(S\u00e1bado 6 de abril de 2019). Este domingo, a partir de las 9.30 hs., en el SUM del Club de Regatas Corrientes, se llevar\u00e1 a cabo el Torneo Abierto \u201cD\u00eda Internacional del Tenis de Mesa\u201d. Un evento inclusivo, que busca la integraci\u00f3n a trav\u00e9s de la disciplina. \u00a1Est\u00e1n todos invitados!.<!--more--><\/p>\n<p><a href=\"https:\/\/crc.org.ar\/w\/wp-content\/uploads\/2019\/04\/TdM.jpeg\"><img loading=\"lazy\" decoding=\"async\" class=\"alignleft size-medium wp-image-17959\" src=\"https:\/\/crc.org.ar\/w\/wp-content\/uploads\/2019\/04\/TdM-300x192.jpeg\" alt=\"\" width=\"300\" height=\"192\" srcset=\"https:\/\/crc.org.ar\/w\/wp-content\/uploads\/2019\/04\/TdM-300x192.jpeg 300w, https:\/\/crc.org.ar\/w\/wp-content\/uploads\/2019\/04\/TdM.jpeg 640w\" sizes=\"(max-width: 300px) 100vw, 300px\" \/><\/a>La Federaci\u00f3n Internacional de Tenis de Mesa Fundaci\u00f3n celebra el 6 de abril de cada a\u00f1o el \u201cD\u00eda Mundial del Tenis de Mesa\u201d, como una disciplina que cualquier persona puede practicar y con el slogan Table Tennis for ALL (Tenis de Mesa para Todos).<\/p>\n<p>Por lo tanto, el foco no se centra en la masificaci\u00f3n, sino que en la inclusi\u00f3n, menos en la competici\u00f3n y m\u00e1s en la diversi\u00f3n, menos en los gimnasios y m\u00e1s en lugares p\u00fablicos. As\u00ed en 2018 se registraron 579 eventos que reunieron a 95 mil participantes, en 97 pa\u00edses.<\/p>\n<p>Hoy el objetivo es superar esos n\u00fameros y de all\u00ed que el Club de Regatas Corrientes se suma en este 2019 a la iniciativa y organizar\u00e1 para este domingo el Torneo Abierto \u201cD\u00eda Internacional del Tenis de Mesa\u201d.<\/p>\n<p>El Abierto, que se llevar\u00e1 a cabo en el Sal\u00f3n de Usos M\u00faltiples de la instituci\u00f3n regatense, \u00a0comenzar\u00e1 a las 9.30 horas, en las categor\u00edas singles de Tercera y Damas, y se prolongar\u00e1 a lo largo de toda la ma\u00f1ana.<\/p>\n<p>A las 11 horas, ser\u00e1 el turno de la categor\u00eda Segunda, y a las 12.30 arrancar\u00e1 la Primera. En tanto por la tarde, a partir de las 15 horas, ser\u00e1 el turno de las categor\u00edas Doble, tanto en Primera como en Segunda.<\/p>\n","protected":false},"excerpt":{"rendered":"<p>(S\u00e1bado 6 de abril de 2019). Este domingo, a partir de las 9.30 hs., en el SUM del Club de Regatas Corrientes, se llevar\u00e1 a cabo el Torneo Abierto \u201cD\u00eda Internacional del Tenis de Mesa\u201d. Un evento inclusivo, que busca la integraci\u00f3n a trav\u00e9s de la disciplina. \u00a1Est\u00e1n todos invitados!. La Federaci\u00f3n Internacional de Tenis &hellip;<\/p>\n","protected":false},"author":1,"featured_media":17960,"comment_status":"closed","ping_status":"closed","sticky":false,"template":"","format":"standard","meta":{"footnotes":""},"categories":[156,13],"tags":[],"_links":{"self":[{"href":"https:\/\/crc.org.ar\/w\/wp-json\/wp\/v2\/posts\/17958"}],"collection":[{"href":"https:\/\/crc.org.ar\/w\/wp-json\/wp\/v2\/posts"}],"about":[{"href":"https:\/\/crc.org.ar\/w\/wp-json\/wp\/v2\/types\/post"}],"author":[{"embeddable":true,"href":"https:\/\/crc.org.ar\/w\/wp-json\/wp\/v2\/users\/1"}],"replies":[{"embeddable":true,"href":"https:\/\/crc.org.ar\/w\/wp-json\/wp\/v2\/comments?post=17958"}],"version-history":[{"count":1,"href":"https:\/\/crc.org.ar\/w\/wp-json\/wp\/v2\/posts\/17958\/revisions"}],"predecessor-version":[{"id":17961,"href":"https:\/\/crc.org.ar\/w\/wp-json\/wp\/v2\/posts\/17958\/revisions\/17961"}],"wp:featuredmedia":[{"embeddable":true,"href":"https:\/\/crc.org.ar\/w\/wp-json\/wp\/v2\/media\/17960"}],"wp:attachment":[{"href":"https:\/\/crc.org.ar\/w\/wp-json\/wp\/v2\/media?parent=17958"}],"wp:term":[{"taxonomy":"category","embeddable":true,"href":"https:\/\/crc.org.ar\/w\/wp-json\/wp\/v2\/categories?post=17958"},{"taxonomy":"post_tag","embeddable":true,"href":"https:\/\/crc.org.ar\/w\/wp-json\/wp\/v2\/tags?post=17958"}],"curies":[{"name":"wp","href":"https:\/\/api.w.org\/{rel}","templated":true}]}}