{"id":17962,"date":"2019-04-07T17:37:45","date_gmt":"2019-04-07T20:37:45","guid":{"rendered":"https:\/\/crc.org.ar\/w\/?p=17962"},"modified":"2019-04-16T20:05:06","modified_gmt":"2019-04-16T23:05:06","slug":"arrancan-las-clases-de-zumba-en-regatas","status":"publish","type":"post","link":"https:\/\/crc.org.ar\/w\/arrancan-las-clases-de-zumba-en-regatas\/","title":{"rendered":"Arrancan las clases de Zumba en Regatas"},"content":{"rendered":"<p>(Domingo 7 de abril de 2019). Este lunes dar\u00e1n inicio las clases de Zumba en el Club de Regatas Corrientes. De esta manera la actividad se suma a una variada gama de propuestas que van desde gimnasia aer\u00f3bica hasta yoga, entre otros.<!--more--><\/p>\n<p><a href=\"https:\/\/crc.org.ar\/w\/wp-content\/uploads\/2019\/04\/Zumba-Natalia-Sanabria-1.jpg\"><img loading=\"lazy\" decoding=\"async\" class=\"alignleft size-medium wp-image-17963\" src=\"https:\/\/crc.org.ar\/w\/wp-content\/uploads\/2019\/04\/Zumba-Natalia-Sanabria-1-199x300.jpg\" alt=\"\" width=\"199\" height=\"300\" srcset=\"https:\/\/crc.org.ar\/w\/wp-content\/uploads\/2019\/04\/Zumba-Natalia-Sanabria-1-199x300.jpg 199w, https:\/\/crc.org.ar\/w\/wp-content\/uploads\/2019\/04\/Zumba-Natalia-Sanabria-1.jpg 425w\" sizes=\"(max-width: 199px) 100vw, 199px\" \/><\/a>En tres m\u00f3dulos, este lunes dar\u00e1n inicio las clases de Zumba; una propuesta enfocada en mantener el cuerpo saludable y desarrollar, fortalecer y dar flexibilidad al cuerpo mediante movimientos de baile combinados con una serie de rutinas aer\u00f3bicas.<\/p>\n<p>La actividad, que se desarrollar\u00e1 en el Sal\u00f3n de Usos M\u00faltiples (SUM) de la instituci\u00f3n \u201cremera\u201d, se llevar\u00e1 a cabo de lunes a viernes, en tres grandes m\u00f3dulos de trabajo. El primero de 19 a 20 horas, el segundo de 20 a 21, y el tercero de 21 a 22 horas.<\/p>\n<p>Las clases estar\u00e1n a cargo de la prestigiosa instructora <strong>Natalia Sanabria<\/strong>, con licencia para ense\u00f1ar Zumba; adem\u00e1s de Aqua Zumba, Zumba Gold, Zumba Kids &amp; Kids Jr., y Strong by Zumba; entre otros.<\/p>\n<p>Para mayores informes dirigirse a la Direcci\u00f3n de Deportes del Club, en horario comercial, o bien los d\u00edas y horarios antes se\u00f1alados, antes de la actividad, y as\u00ed participar de una actividad que ya concita gran expectativa en la instituci\u00f3n \u201cremera\u201d.<\/p>\n<p>La propuesta est\u00e1 presentada, la invitaci\u00f3n est\u00e1 hecha, y la \u201cprofe\u201d <strong>Natalia Sanabria<\/strong> garantiza que \u201ccada clase se siente como una fiesta. Te garantizo que te divertir\u00e1s\u201d. \u00bfQu\u00e9 m\u00e1s se puede pedir?.<\/p>\n[embedyt] https:\/\/www.youtube.com\/watch?v=pdJSkeCGY90[\/embedyt]\n","protected":false},"excerpt":{"rendered":"<p>(Domingo 7 de abril de 2019). Este lunes dar\u00e1n inicio las clases de Zumba en el Club de Regatas Corrientes. De esta manera la actividad se suma a una variada gama de propuestas que van desde gimnasia aer\u00f3bica hasta yoga, entre otros. En tres m\u00f3dulos, este lunes dar\u00e1n inicio las clases de Zumba; una propuesta &hellip;<\/p>\n","protected":false},"author":1,"featured_media":17964,"comment_status":"closed","ping_status":"closed","sticky":false,"template":"","format":"standard","meta":{"footnotes":""},"categories":[156,166],"tags":[],"_links":{"self":[{"href":"https:\/\/crc.org.ar\/w\/wp-json\/wp\/v2\/posts\/17962"}],"collection":[{"href":"https:\/\/crc.org.ar\/w\/wp-json\/wp\/v2\/posts"}],"about":[{"href":"https:\/\/crc.org.ar\/w\/wp-json\/wp\/v2\/types\/post"}],"author":[{"embeddable":true,"href":"https:\/\/crc.org.ar\/w\/wp-json\/wp\/v2\/users\/1"}],"replies":[{"embeddable":true,"href":"https:\/\/crc.org.ar\/w\/wp-json\/wp\/v2\/comments?post=17962"}],"version-history":[{"count":2,"href":"https:\/\/crc.org.ar\/w\/wp-json\/wp\/v2\/posts\/17962\/revisions"}],"predecessor-version":[{"id":18059,"href":"https:\/\/crc.org.ar\/w\/wp-json\/wp\/v2\/posts\/17962\/revisions\/18059"}],"wp:featuredmedia":[{"embeddable":true,"href":"https:\/\/crc.org.ar\/w\/wp-json\/wp\/v2\/media\/17964"}],"wp:attachment":[{"href":"https:\/\/crc.org.ar\/w\/wp-json\/wp\/v2\/media?parent=17962"}],"wp:term":[{"taxonomy":"category","embeddable":true,"href":"https:\/\/crc.org.ar\/w\/wp-json\/wp\/v2\/categories?post=17962"},{"taxonomy":"post_tag","embeddable":true,"href":"https:\/\/crc.org.ar\/w\/wp-json\/wp\/v2\/tags?post=17962"}],"curies":[{"name":"wp","href":"https:\/\/api.w.org\/{rel}","templated":true}]}}