{"id":18010,"date":"2019-04-09T09:41:20","date_gmt":"2019-04-09T12:41:20","guid":{"rendered":"https:\/\/crc.org.ar\/w\/?p=18010"},"modified":"2019-04-09T09:43:51","modified_gmt":"2019-04-09T12:43:51","slug":"con-gran-exito-se-llevo-a-cabo-el-abierto-dia-internacional-del-tenis-de-mesa","status":"publish","type":"post","link":"https:\/\/crc.org.ar\/w\/con-gran-exito-se-llevo-a-cabo-el-abierto-dia-internacional-del-tenis-de-mesa\/","title":{"rendered":"Con gran \u00e9xito se llev\u00f3 a cabo el Abierto \u201cD\u00eda Internacional del Tenis de Mesa\u201d"},"content":{"rendered":"<p>(Martes 9 de abril de 2019). Con gran \u00e9xito, el pasado domingo, se llev\u00f3 a cabo el Torneo Abierto \u201cD\u00eda Internacional del Tenis de Mesa\u201d. Un evento inclusivo, que busc\u00f3 la integraci\u00f3n a trav\u00e9s de la disciplina.<!--more--><\/p>\n<p>Con la participaci\u00f3n de m\u00e1s setenta (70) jugadores de todas las edades, de Corrientes, Resistencia y Reconquista se llev\u00f3 a cabo, el pasado domingo en el Club de Regatas Corrientes, el Torneo Abierto \u201cD\u00eda Internacional del Tenis de Mesa\u201d.<\/p>\n<p>La gran cantidad de participantes oblig\u00f3 a los organizadores a extremar recursos, en una competencia integradora que se llev\u00f3 a cabo en el SUM (Sal\u00f3n de Usos M\u00faltiples) de la instituci\u00f3n anfitriona, y que comenz\u00f3 a las 9.30 y se prolong\u00f3 hasta pasadas las 21 horas.<\/p>\n<p>El evento fue en el marco del \u201cD\u00eda Mundial del Tenis de Mesa\u201d, con el slogan Table Tennis for ALL (Tenis de Mesa para Todos), impulsada por la Federaci\u00f3n Internacional de Tenis de Mesa Fundaci\u00f3n.<\/p>\n<p>De all\u00ed que la actividad se centr\u00f3 m\u00e1s en la masificaci\u00f3n, en la inclusi\u00f3n, y menos en la competici\u00f3n y m\u00e1s en la diversi\u00f3n, para superar lo logrado en 2018, en donde los registros indicaron 579 eventos que reunieron a 95 mil participantes, en 97 pa\u00edses.<\/p>\n<p>Hoy los n\u00fameros todav\u00eda est\u00e1n en elaboraci\u00f3n, aunque se puede anticipar que el Abierto regatense, que cumpli\u00f3 todos los objetivos, desarrollando adem\u00e1s de la modalidad single, el dobles, en un atractivo espectacular para el evento.<\/p>\n<p><strong>RESULTADOS<\/strong><\/p>\n<p><strong>Damas<\/strong>: 1- D\u00e9bora Romero, 2- Graciela Tannure, y 3- Myriam Giardineri y Gladys Correa.<\/p>\n<p><strong>Primera<\/strong>: 1- Gast\u00f3n Codina (Chaco), 2- Federico Gallardo, y 3- Mat\u00edas Vivas (Chaco) y Mat\u00edas Vilte Bosch.<\/p>\n<p><strong>Segunda<\/strong>: 1- Lautaro P\u00e9rez Rico, 2- Michael Sitja, 3- Ricardo Fidanza y Enzo Camola.<\/p>\n<p><strong>Tercera<\/strong>: 1- Lautaro P\u00e9rez Rico, 2- D\u00e9bora Romero, y 3- Myriam Giardineri y Mat\u00edas M\u00e9ndez.<\/p>\n<p><strong>DOBLES<\/strong><\/p>\n<p><strong>Primera:<\/strong> 1- Nelson Veas \u2013 Gast\u00f3n Codina, 2- Mat\u00edas Vivas \u2013 Bautista Tabani, 3- Nicol\u00e1s N\u00fa\u00f1ez \u2013 Carlos N\u00fa\u00f1ez, y 4- Ricardo Fidanza \u2013 Franco Simoni.<\/p>\n<p><strong>Segunda:<\/strong> 1- Benjam\u00edn Maza \u2013 Diego Breard, 2- Ito Fidanza \u2013 Enzo Camola, y 3-Roberto Acosta \u2013 Hugo Felt\u00e1n.<\/p>\n<div id='gallery-1' class='gallery galleryid-18010 gallery-columns-4 gallery-size-thumbnail'><figure class='gallery-item'>\n\t\t\t<div class='gallery-icon portrait'>\n\t\t\t\t<a href='https:\/\/crc.org.ar\/w\/wp-content\/uploads\/2019\/04\/Debora-Romero.jpeg'><img loading=\"lazy\" decoding=\"async\" width=\"150\" height=\"150\" src=\"https:\/\/crc.org.ar\/w\/wp-content\/uploads\/2019\/04\/Debora-Romero-150x150.jpeg\" class=\"attachment-thumbnail size-thumbnail\" alt=\"\" \/><\/a>\n\t\t\t<\/div><\/figure><figure class='gallery-item'>\n\t\t\t<div class='gallery-icon landscape'>\n\t\t\t\t<a href='https:\/\/crc.org.ar\/w\/wp-content\/uploads\/2019\/04\/flia-nu\u00f1ez.jpeg'><img loading=\"lazy\" decoding=\"async\" width=\"150\" height=\"150\" src=\"https:\/\/crc.org.ar\/w\/wp-content\/uploads\/2019\/04\/flia-nu\u00f1ez-150x150.jpeg\" class=\"attachment-thumbnail size-thumbnail\" alt=\"\" \/><\/a>\n\t\t\t<\/div><\/figure><figure class='gallery-item'>\n\t\t\t<div class='gallery-icon portrait'>\n\t\t\t\t<a href='https:\/\/crc.org.ar\/w\/wp-content\/uploads\/2019\/04\/Lautaro-Perez-Rico.jpeg'><img loading=\"lazy\" decoding=\"async\" width=\"150\" height=\"150\" src=\"https:\/\/crc.org.ar\/w\/wp-content\/uploads\/2019\/04\/Lautaro-Perez-Rico-150x150.jpeg\" class=\"attachment-thumbnail size-thumbnail\" alt=\"\" \/><\/a>\n\t\t\t<\/div><\/figure><figure class='gallery-item'>\n\t\t\t<div class='gallery-icon landscape'>\n\t\t\t\t<a href='https:\/\/crc.org.ar\/w\/wp-content\/uploads\/2019\/04\/Podio-Damas.jpeg'><img loading=\"lazy\" decoding=\"async\" width=\"150\" height=\"150\" src=\"https:\/\/crc.org.ar\/w\/wp-content\/uploads\/2019\/04\/Podio-Damas-150x150.jpeg\" class=\"attachment-thumbnail size-thumbnail\" alt=\"\" \/><\/a>\n\t\t\t<\/div><\/figure><figure class='gallery-item'>\n\t\t\t<div class='gallery-icon landscape'>\n\t\t\t\t<a href='https:\/\/crc.org.ar\/w\/wp-content\/uploads\/2019\/04\/Podio-Primera.jpeg'><img loading=\"lazy\" decoding=\"async\" width=\"150\" height=\"150\" src=\"https:\/\/crc.org.ar\/w\/wp-content\/uploads\/2019\/04\/Podio-Primera-150x150.jpeg\" class=\"attachment-thumbnail size-thumbnail\" alt=\"\" srcset=\"https:\/\/crc.org.ar\/w\/wp-content\/uploads\/2019\/04\/Podio-Primera-150x150.jpeg 150w, https:\/\/crc.org.ar\/w\/wp-content\/uploads\/2019\/04\/Podio-Primera-300x297.jpeg 300w\" sizes=\"(max-width: 150px) 100vw, 150px\" \/><\/a>\n\t\t\t<\/div><\/figure><figure class='gallery-item'>\n\t\t\t<div class='gallery-icon landscape'>\n\t\t\t\t<a href='https:\/\/crc.org.ar\/w\/wp-content\/uploads\/2019\/04\/Podio-Segunda.jpeg'><img loading=\"lazy\" decoding=\"async\" width=\"150\" height=\"150\" src=\"https:\/\/crc.org.ar\/w\/wp-content\/uploads\/2019\/04\/Podio-Segunda-150x150.jpeg\" class=\"attachment-thumbnail size-thumbnail\" alt=\"\" \/><\/a>\n\t\t\t<\/div><\/figure><figure class='gallery-item'>\n\t\t\t<div class='gallery-icon landscape'>\n\t\t\t\t<a href='https:\/\/crc.org.ar\/w\/wp-content\/uploads\/2019\/04\/Podio-Tercera.jpeg'><img loading=\"lazy\" decoding=\"async\" width=\"150\" height=\"150\" src=\"https:\/\/crc.org.ar\/w\/wp-content\/uploads\/2019\/04\/Podio-Tercera-150x150.jpeg\" class=\"attachment-thumbnail size-thumbnail\" alt=\"\" \/><\/a>\n\t\t\t<\/div><\/figure>\n\t\t<\/div>\n\n","protected":false},"excerpt":{"rendered":"<p>(Martes 9 de abril de 2019). Con gran \u00e9xito, el pasado domingo, se llev\u00f3 a cabo el Torneo Abierto \u201cD\u00eda Internacional del Tenis de Mesa\u201d. Un evento inclusivo, que busc\u00f3 la integraci\u00f3n a trav\u00e9s de la disciplina. Con la participaci\u00f3n de m\u00e1s setenta (70) jugadores de todas las edades, de Corrientes, Resistencia y Reconquista se &hellip;<\/p>\n","protected":false},"author":1,"featured_media":18019,"comment_status":"closed","ping_status":"closed","sticky":false,"template":"","format":"standard","meta":{"footnotes":""},"categories":[156,13],"tags":[],"_links":{"self":[{"href":"https:\/\/crc.org.ar\/w\/wp-json\/wp\/v2\/posts\/18010"}],"collection":[{"href":"https:\/\/crc.org.ar\/w\/wp-json\/wp\/v2\/posts"}],"about":[{"href":"https:\/\/crc.org.ar\/w\/wp-json\/wp\/v2\/types\/post"}],"author":[{"embeddable":true,"href":"https:\/\/crc.org.ar\/w\/wp-json\/wp\/v2\/users\/1"}],"replies":[{"embeddable":true,"href":"https:\/\/crc.org.ar\/w\/wp-json\/wp\/v2\/comments?post=18010"}],"version-history":[{"count":1,"href":"https:\/\/crc.org.ar\/w\/wp-json\/wp\/v2\/posts\/18010\/revisions"}],"predecessor-version":[{"id":18018,"href":"https:\/\/crc.org.ar\/w\/wp-json\/wp\/v2\/posts\/18010\/revisions\/18018"}],"wp:featuredmedia":[{"embeddable":true,"href":"https:\/\/crc.org.ar\/w\/wp-json\/wp\/v2\/media\/18019"}],"wp:attachment":[{"href":"https:\/\/crc.org.ar\/w\/wp-json\/wp\/v2\/media?parent=18010"}],"wp:term":[{"taxonomy":"category","embeddable":true,"href":"https:\/\/crc.org.ar\/w\/wp-json\/wp\/v2\/categories?post=18010"},{"taxonomy":"post_tag","embeddable":true,"href":"https:\/\/crc.org.ar\/w\/wp-json\/wp\/v2\/tags?post=18010"}],"curies":[{"name":"wp","href":"https:\/\/api.w.org\/{rel}","templated":true}]}}