{"id":18020,"date":"2019-04-09T12:50:40","date_gmt":"2019-04-09T15:50:40","guid":{"rendered":"https:\/\/crc.org.ar\/w\/?p=18020"},"modified":"2019-04-09T12:50:40","modified_gmt":"2019-04-09T15:50:40","slug":"regatas-dejo-su-sello-en-el-encuentro-sudamericano-master-en-asuncion","status":"publish","type":"post","link":"https:\/\/crc.org.ar\/w\/regatas-dejo-su-sello-en-el-encuentro-sudamericano-master-en-asuncion\/","title":{"rendered":"Regatas dej\u00f3 su sello en el Encuentro Sudamericano M\u00e1ster en Asunci\u00f3n"},"content":{"rendered":"<p>(Martes 9 de abril de 2019). Una gran performance tuvo la Agrupaci\u00f3n de Remo M\u00e1ster del Club de Regatas Corrientes en la XXIV edici\u00f3n del Encuentro Sudamericano de Remo Master de Clubes, que se llev\u00f3 a cabo en la Bah\u00eda de Asunci\u00f3n, Paraguay. Alcanz\u00f3 dos medallas de oro, una de plata y otras dos de bronce.<!--more--><\/p>\n<p><a href=\"https:\/\/crc.org.ar\/w\/wp-content\/uploads\/2019\/04\/Ana-Maria-Pato.jpg\"><img loading=\"lazy\" decoding=\"async\" class=\"alignleft size-medium wp-image-18021\" src=\"https:\/\/crc.org.ar\/w\/wp-content\/uploads\/2019\/04\/Ana-Maria-Pato-300x300.jpg\" alt=\"\" width=\"300\" height=\"300\" srcset=\"https:\/\/crc.org.ar\/w\/wp-content\/uploads\/2019\/04\/Ana-Maria-Pato-300x300.jpg 300w, https:\/\/crc.org.ar\/w\/wp-content\/uploads\/2019\/04\/Ana-Maria-Pato-150x150.jpg 150w, https:\/\/crc.org.ar\/w\/wp-content\/uploads\/2019\/04\/Ana-Maria-Pato.jpg 480w\" sizes=\"(max-width: 300px) 100vw, 300px\" \/><\/a>Con marcado \u00e9xito, el pasado fin de semana, se llev\u00f3 a cabo la XXIV edici\u00f3n del Encuentro Sudamericano de Remo Master de Clubes en la Bah\u00eda de Asunci\u00f3n, Paraguay, organizado por el Club Deportivo Puerto Sajonia.<\/p>\n<p>El Campeonato Sudamericano cont\u00f3 con la participaci\u00f3n de remeros de Argentina, Uruguay, Brasil, Chile y Paraguay, entre otros; lo que hizo un total m\u00e1s de seiscientos (600) atletas compitiendo en alto rendimiento<\/p>\n<p>El campe\u00f3n fue el equipo brasile\u00f1o del Club de Regatas Gua\u00edba-Porto Alegre, que se llev\u00f3 101 medallas: 60 de oro, 16 de plata y 25 de bronce. Escoltado por el Club Regatas La Marina, de Tigre, con 73 medallas; 42 de oro, 23 de plata y 8 de bronce.<\/p>\n<p>En tanto el tercer escal\u00f3n del podio result\u00f3 para el Remo Canottieri Italiani con 64 medallas, 19 de oro, 26 de plata, y 19 de bronce; en una competencia que nucle\u00f3 a 53 clubes de Sudamerica.<\/p>\n<p>Y en ese marco estuvo el Club de Regatas Corrientes, con una delegaci\u00f3n reducida de la Agrupaci\u00f3n M\u00e1ster de la instituci\u00f3n, pero que estuvo a la altura de las circunstancias logrando dos medallas de oro, una de plata y otras dos de bronce.<\/p>\n<p>Las medallas de oro llegaron de la mano de <strong>Ana Mar\u00eda Pato<\/strong>, en un 1x Femenino, en la categor\u00eda \u201cD\u201d, y de <strong>Felipe Ojeda <\/strong>y<strong> Claudio Ojeda Gonz\u00e1lez, <\/strong>en un 2x, en la categor\u00eda \u201cC\u201d.<\/p>\n<p>La medalla de plata, en tanto, fue lograda por <strong>Felipe Ojeda, <\/strong>en un 1x, en la categor\u00eda \u201cE\u201d; y las de bronce por <strong>Elizabet Vallejos <\/strong>y<strong> Diego Vidal <\/strong>en un 2x Mixto, en la categor\u00eda \u201cB\u201d; y por <strong>Mar\u00eda Ver\u00f3nica Chequin <\/strong>y<strong> Fernando Ort\u00edz <\/strong>en un 2x Mixto, en la categor\u00eda \u201cA\u201d.<\/p>\n","protected":false},"excerpt":{"rendered":"<p>(Martes 9 de abril de 2019). Una gran performance tuvo la Agrupaci\u00f3n de Remo M\u00e1ster del Club de Regatas Corrientes en la XXIV edici\u00f3n del Encuentro Sudamericano de Remo Master de Clubes, que se llev\u00f3 a cabo en la Bah\u00eda de Asunci\u00f3n, Paraguay. Alcanz\u00f3 dos medallas de oro, una de plata y otras dos de &hellip;<\/p>\n","protected":false},"author":1,"featured_media":18022,"comment_status":"closed","ping_status":"closed","sticky":false,"template":"","format":"standard","meta":{"footnotes":""},"categories":[156,18],"tags":[],"_links":{"self":[{"href":"https:\/\/crc.org.ar\/w\/wp-json\/wp\/v2\/posts\/18020"}],"collection":[{"href":"https:\/\/crc.org.ar\/w\/wp-json\/wp\/v2\/posts"}],"about":[{"href":"https:\/\/crc.org.ar\/w\/wp-json\/wp\/v2\/types\/post"}],"author":[{"embeddable":true,"href":"https:\/\/crc.org.ar\/w\/wp-json\/wp\/v2\/users\/1"}],"replies":[{"embeddable":true,"href":"https:\/\/crc.org.ar\/w\/wp-json\/wp\/v2\/comments?post=18020"}],"version-history":[{"count":1,"href":"https:\/\/crc.org.ar\/w\/wp-json\/wp\/v2\/posts\/18020\/revisions"}],"predecessor-version":[{"id":18023,"href":"https:\/\/crc.org.ar\/w\/wp-json\/wp\/v2\/posts\/18020\/revisions\/18023"}],"wp:featuredmedia":[{"embeddable":true,"href":"https:\/\/crc.org.ar\/w\/wp-json\/wp\/v2\/media\/18022"}],"wp:attachment":[{"href":"https:\/\/crc.org.ar\/w\/wp-json\/wp\/v2\/media?parent=18020"}],"wp:term":[{"taxonomy":"category","embeddable":true,"href":"https:\/\/crc.org.ar\/w\/wp-json\/wp\/v2\/categories?post=18020"},{"taxonomy":"post_tag","embeddable":true,"href":"https:\/\/crc.org.ar\/w\/wp-json\/wp\/v2\/tags?post=18020"}],"curies":[{"name":"wp","href":"https:\/\/api.w.org\/{rel}","templated":true}]}}