{"id":18053,"date":"2019-04-09T17:58:10","date_gmt":"2019-04-09T20:58:10","guid":{"rendered":"https:\/\/crc.org.ar\/w\/?p=18053"},"modified":"2019-04-09T17:58:10","modified_gmt":"2019-04-09T20:58:10","slug":"el-miercoles-se-juega-el-clasico-del-barrio","status":"publish","type":"post","link":"https:\/\/crc.org.ar\/w\/el-miercoles-se-juega-el-clasico-del-barrio\/","title":{"rendered":"El mi\u00e9rcoles se juega el cl\u00e1sico del Barrio"},"content":{"rendered":"<p>(Martes 9 de abril de 2019). Este mi\u00e9rcoles por la noche en cancha del Club H\u00e9rcules, se estar\u00e1n enfrentando Regatas Corrientes, que buscar\u00e1 volver a la victoria, y Alvear, por la tercera fecha de la Copa Palacio.<!--more--><\/p>\n<p><a href=\"https:\/\/crc.org.ar\/w\/wp-content\/uploads\/2019\/04\/CRC-2.jpeg\"><img loading=\"lazy\" decoding=\"async\" class=\"alignleft size-medium wp-image-18054\" src=\"https:\/\/crc.org.ar\/w\/wp-content\/uploads\/2019\/04\/CRC-2-300x192.jpeg\" alt=\"\" width=\"300\" height=\"192\" srcset=\"https:\/\/crc.org.ar\/w\/wp-content\/uploads\/2019\/04\/CRC-2-300x192.jpeg 300w, https:\/\/crc.org.ar\/w\/wp-content\/uploads\/2019\/04\/CRC-2.jpeg 640w\" sizes=\"(max-width: 300px) 100vw, 300px\" \/><\/a>A las 21 horas del mi\u00e9rcoles, en el estadio \u201cRafael Ca\u00f1ete\u201d del club H\u00e9rcules, se estar\u00e1n enfrentando Regatas y Alvear en una nueva edici\u00f3n del cl\u00e1sico del Barrio, est\u00e1 vez disputando la tercera fecha de la Copa Palacio.<\/p>\n<p>Regatas, viene de caer frente a Col\u00f3n en la fecha anterior, mientras que cabe destacar que en la primera jornada de la competencia, el equipo \u201cFantasma\u201d, dio cuenta de su cl\u00e1sico rival, San Mart\u00edn.<\/p>\n<p>Recordemos que en el \u201cremero\u201d no podr\u00e1n ser de la partida <strong>Gast\u00f3n Turraca<\/strong>, por un desgarro, ni con <strong>Juan Pablo Corbal\u00e1n<\/strong>, quien contin\u00faa con la recuperaci\u00f3n de su esguince de tobillo.<\/p>\n<p>Por su parte Alvear, que fue finalista en el \u00faltimo Torneo Oficial de la ABCC, y que cuenta con un equipo de mucha experiencia, viene de dos triunfos en las dos primeras fechas, frente a El Tala y a Ping\u00fcinos.<\/p>\n<p>De esta forma en el primer turno en cancha del H\u00e9rcules, luego juegan Col\u00f3n y el local, se disputar\u00e1 una nueva edici\u00f3n de uno de los cl\u00e1sicos correntinos, en un partido que seguramente dar\u00e1 que hablar.<\/p>\n","protected":false},"excerpt":{"rendered":"<p>(Martes 9 de abril de 2019). Este mi\u00e9rcoles por la noche en cancha del Club H\u00e9rcules, se estar\u00e1n enfrentando Regatas Corrientes, que buscar\u00e1 volver a la victoria, y Alvear, por la tercera fecha de la Copa Palacio. A las 21 horas del mi\u00e9rcoles, en el estadio \u201cRafael Ca\u00f1ete\u201d del club H\u00e9rcules, se estar\u00e1n enfrentando Regatas &hellip;<\/p>\n","protected":false},"author":1,"featured_media":18055,"comment_status":"closed","ping_status":"closed","sticky":false,"template":"","format":"standard","meta":{"footnotes":""},"categories":[80,156],"tags":[],"_links":{"self":[{"href":"https:\/\/crc.org.ar\/w\/wp-json\/wp\/v2\/posts\/18053"}],"collection":[{"href":"https:\/\/crc.org.ar\/w\/wp-json\/wp\/v2\/posts"}],"about":[{"href":"https:\/\/crc.org.ar\/w\/wp-json\/wp\/v2\/types\/post"}],"author":[{"embeddable":true,"href":"https:\/\/crc.org.ar\/w\/wp-json\/wp\/v2\/users\/1"}],"replies":[{"embeddable":true,"href":"https:\/\/crc.org.ar\/w\/wp-json\/wp\/v2\/comments?post=18053"}],"version-history":[{"count":1,"href":"https:\/\/crc.org.ar\/w\/wp-json\/wp\/v2\/posts\/18053\/revisions"}],"predecessor-version":[{"id":18056,"href":"https:\/\/crc.org.ar\/w\/wp-json\/wp\/v2\/posts\/18053\/revisions\/18056"}],"wp:featuredmedia":[{"embeddable":true,"href":"https:\/\/crc.org.ar\/w\/wp-json\/wp\/v2\/media\/18055"}],"wp:attachment":[{"href":"https:\/\/crc.org.ar\/w\/wp-json\/wp\/v2\/media?parent=18053"}],"wp:term":[{"taxonomy":"category","embeddable":true,"href":"https:\/\/crc.org.ar\/w\/wp-json\/wp\/v2\/categories?post=18053"},{"taxonomy":"post_tag","embeddable":true,"href":"https:\/\/crc.org.ar\/w\/wp-json\/wp\/v2\/tags?post=18053"}],"curies":[{"name":"wp","href":"https:\/\/api.w.org\/{rel}","templated":true}]}}