{"id":18097,"date":"2019-04-10T14:52:25","date_gmt":"2019-04-10T17:52:25","guid":{"rendered":"https:\/\/crc.org.ar\/w\/?p=18097"},"modified":"2019-04-10T14:52:25","modified_gmt":"2019-04-10T17:52:25","slug":"regata-en-homenaje-a-alberto-dimiddi","status":"publish","type":"post","link":"https:\/\/crc.org.ar\/w\/regata-en-homenaje-a-alberto-dimiddi\/","title":{"rendered":"Regata en homenaje a Alberto Dimiddi"},"content":{"rendered":"<p>(Mi\u00e9rcoles 10 de abril de 2019). Este martes, 11 de abril, se celebra el \u201cD\u00eda Nacional de Remero\u201d, por tal motivo el Club de Regatas Corrientes llevar\u00e1 adelante este s\u00e1bado una Regata en adhesi\u00f3n y homenaje al m\u00e1s grande remero del pa\u00eds, <strong>Alberto Dimiddi.<\/strong><!--more--><\/p>\n<p><strong><a href=\"https:\/\/crc.org.ar\/w\/wp-content\/uploads\/2019\/04\/remo12.jpg\"><img loading=\"lazy\" decoding=\"async\" class=\"size-medium wp-image-18098 alignleft\" src=\"https:\/\/crc.org.ar\/w\/wp-content\/uploads\/2019\/04\/remo12-269x300.jpg\" alt=\"\" width=\"269\" height=\"300\" srcset=\"https:\/\/crc.org.ar\/w\/wp-content\/uploads\/2019\/04\/remo12-269x300.jpg 269w, https:\/\/crc.org.ar\/w\/wp-content\/uploads\/2019\/04\/remo12.jpg 480w\" sizes=\"(max-width: 269px) 100vw, 269px\" \/><\/a>Alberto Demiddi<\/strong> es el n\u00famero uno del remo argentino de todos los tiempos. Rosarino por adopci\u00f3n, ya que naci\u00f3 en Buenos Aires, cosech\u00f3 medallas en dos Juegos Ol\u00edmpicos, bronce en M\u00e9xico 1968 y plata en Munich 1972; dos de sus m\u00e1ximos logros.<\/p>\n<p>Dimiddi naci\u00f3 un 11 de abril de 1944, y falleci\u00f3 el 25 de octubre de 2000 a causa de una enfermedad terminal. Por tal motivo, en la fecha de su natalicio se celebra el \u201cD\u00eda Nacional del Remero\u201d.<\/p>\n<p>En ese marco y dentro del calendario 2019 del Club de Regatas Corrientes, impulsado por el coordinador de remo <strong>Harris Gonz\u00e1lez Escobar<\/strong>, este s\u00e1bado se llevar\u00e1 a cabo la Regata en adhesi\u00f3n y homenaje a <strong>Alberto Dimiddi.<\/strong><\/p>\n<p>La competencia, que comenzar\u00e1 a las 16 horas (concentraci\u00f3n a las 15), es abierta y las inscripciones se pueden realizar en el galp\u00f3n de botes de la instituci\u00f3n, en los horarios de entrenamiento y salidas de botes.<\/p>\n<p>Recordemos que el calendario de actividades se inicio en febrero pasado con la primera regata de \u201cVerano 2019\u201d, continu\u00f3 con la excursi\u00f3n de 12 kil\u00f3metros \u201cCarnavales 2019\u201d, para finalmente llegar a la segunda regata \u201cChau Verano\u201d.<\/p>\n<div id='gallery-1' class='gallery galleryid-18097 gallery-columns-4 gallery-size-thumbnail'><figure class='gallery-item'>\n\t\t\t<div class='gallery-icon portrait'>\n\t\t\t\t<a href='https:\/\/crc.org.ar\/w\/wp-content\/uploads\/2019\/04\/remo12-1.jpg'><img loading=\"lazy\" decoding=\"async\" width=\"150\" height=\"150\" src=\"https:\/\/crc.org.ar\/w\/wp-content\/uploads\/2019\/04\/remo12-1-150x150.jpg\" class=\"attachment-thumbnail size-thumbnail\" alt=\"\" \/><\/a>\n\t\t\t<\/div><\/figure><figure class='gallery-item'>\n\t\t\t<div class='gallery-icon landscape'>\n\t\t\t\t<a href='https:\/\/crc.org.ar\/w\/wp-content\/uploads\/2019\/04\/remo24-copia.jpg'><img loading=\"lazy\" decoding=\"async\" width=\"150\" height=\"150\" src=\"https:\/\/crc.org.ar\/w\/wp-content\/uploads\/2019\/04\/remo24-copia-150x150.jpg\" class=\"attachment-thumbnail size-thumbnail\" alt=\"\" \/><\/a>\n\t\t\t<\/div><\/figure><figure class='gallery-item'>\n\t\t\t<div class='gallery-icon landscape'>\n\t\t\t\t<a href='https:\/\/crc.org.ar\/w\/wp-content\/uploads\/2019\/04\/remo24.jpg'><img loading=\"lazy\" decoding=\"async\" width=\"150\" height=\"150\" src=\"https:\/\/crc.org.ar\/w\/wp-content\/uploads\/2019\/04\/remo24-150x150.jpg\" class=\"attachment-thumbnail size-thumbnail\" alt=\"\" \/><\/a>\n\t\t\t<\/div><\/figure><figure class='gallery-item'>\n\t\t\t<div class='gallery-icon portrait'>\n\t\t\t\t<a href='https:\/\/crc.org.ar\/w\/wp-content\/uploads\/2019\/04\/remo12.jpg'><img loading=\"lazy\" decoding=\"async\" width=\"150\" height=\"150\" src=\"https:\/\/crc.org.ar\/w\/wp-content\/uploads\/2019\/04\/remo12-150x150.jpg\" class=\"attachment-thumbnail size-thumbnail\" alt=\"\" \/><\/a>\n\t\t\t<\/div><\/figure>\n\t\t<\/div>\n\n","protected":false},"excerpt":{"rendered":"<p>(Mi\u00e9rcoles 10 de abril de 2019). Este martes, 11 de abril, se celebra el \u201cD\u00eda Nacional de Remero\u201d, por tal motivo el Club de Regatas Corrientes llevar\u00e1 adelante este s\u00e1bado una Regata en adhesi\u00f3n y homenaje al m\u00e1s grande remero del pa\u00eds, Alberto Dimiddi. Alberto Demiddi es el n\u00famero uno del remo argentino de todos &hellip;<\/p>\n","protected":false},"author":1,"featured_media":18102,"comment_status":"closed","ping_status":"closed","sticky":false,"template":"","format":"standard","meta":{"footnotes":""},"categories":[156,18],"tags":[],"_links":{"self":[{"href":"https:\/\/crc.org.ar\/w\/wp-json\/wp\/v2\/posts\/18097"}],"collection":[{"href":"https:\/\/crc.org.ar\/w\/wp-json\/wp\/v2\/posts"}],"about":[{"href":"https:\/\/crc.org.ar\/w\/wp-json\/wp\/v2\/types\/post"}],"author":[{"embeddable":true,"href":"https:\/\/crc.org.ar\/w\/wp-json\/wp\/v2\/users\/1"}],"replies":[{"embeddable":true,"href":"https:\/\/crc.org.ar\/w\/wp-json\/wp\/v2\/comments?post=18097"}],"version-history":[{"count":1,"href":"https:\/\/crc.org.ar\/w\/wp-json\/wp\/v2\/posts\/18097\/revisions"}],"predecessor-version":[{"id":18103,"href":"https:\/\/crc.org.ar\/w\/wp-json\/wp\/v2\/posts\/18097\/revisions\/18103"}],"wp:featuredmedia":[{"embeddable":true,"href":"https:\/\/crc.org.ar\/w\/wp-json\/wp\/v2\/media\/18102"}],"wp:attachment":[{"href":"https:\/\/crc.org.ar\/w\/wp-json\/wp\/v2\/media?parent=18097"}],"wp:term":[{"taxonomy":"category","embeddable":true,"href":"https:\/\/crc.org.ar\/w\/wp-json\/wp\/v2\/categories?post=18097"},{"taxonomy":"post_tag","embeddable":true,"href":"https:\/\/crc.org.ar\/w\/wp-json\/wp\/v2\/tags?post=18097"}],"curies":[{"name":"wp","href":"https:\/\/api.w.org\/{rel}","templated":true}]}}