{"id":18125,"date":"2019-04-11T11:25:43","date_gmt":"2019-04-11T14:25:43","guid":{"rendered":"https:\/\/crc.org.ar\/w\/?p=18125"},"modified":"2019-04-11T11:25:43","modified_gmt":"2019-04-11T14:25:43","slug":"regatas-se-durmio-y-se-le-escapo-el-clasico","status":"publish","type":"post","link":"https:\/\/crc.org.ar\/w\/regatas-se-durmio-y-se-le-escapo-el-clasico\/","title":{"rendered":"Regatas se durmi\u00f3 y se le escap\u00f3 el cl\u00e1sico"},"content":{"rendered":"<p>(Mi\u00e9rcoles 10 de abril de 2019). En la noche del mi\u00e9rcoles en cancha del club H\u00e9rcules, Regatas Corrientes cay\u00f3 frente a Alvear por 73 a 63, en un partido donde domin\u00f3 todas las acciones hasta el \u00faltimo cuarto.<!--more--><\/p>\n<p><a href=\"https:\/\/crc.org.ar\/w\/wp-content\/uploads\/2019\/04\/clasico1.jpeg\"><img loading=\"lazy\" decoding=\"async\" class=\"size-medium wp-image-18126 alignleft\" src=\"https:\/\/crc.org.ar\/w\/wp-content\/uploads\/2019\/04\/clasico1-300x195.jpeg\" alt=\"\" width=\"300\" height=\"195\" srcset=\"https:\/\/crc.org.ar\/w\/wp-content\/uploads\/2019\/04\/clasico1-300x195.jpeg 300w, https:\/\/crc.org.ar\/w\/wp-content\/uploads\/2019\/04\/clasico1.jpeg 640w\" sizes=\"(max-width: 300px) 100vw, 300px\" \/><\/a>Tras poner la naranja al aire, comenz\u00f3 una nueva edici\u00f3n del cl\u00e1sico barrial, en donde Regatas consigui\u00f3 imponerse en el marcador promediando el primer periodo, consiguiendo buenos tiros desde el per\u00edmetro y marcando el tablero 11 a 8. La segunda mitad del cuarto continu\u00f3 igual, donde el \u201cremero\u201d no pudo estirar la diferencia, cerrando as\u00ed 20 a 17 los primeros 10 minutos.<\/p>\n<p>En el segundo periodo, r\u00e1pidamente el \u201cfantasma\u201d consigui\u00f3 estirar la luz de distancia sobre su rival, poni\u00e9ndose 27 a 19 arriba en poco m\u00e1s de 3 minutos de juego. Regatas se enfoc\u00f3 en defensa, y presionando y corriendo la cancha, adem\u00e1s de conseguir eficacia de 3 puntos, logr\u00f3 ponerse 39 a 24 por arriba a falta de dos minutos para el entretiempo. Sin embargo, Alvear, reaccion\u00f3, poniendo un parcial de 8 a 0, para as\u00ed cerrar el primer tiempo, 39 a 32 en favor del \u201cremero\u201d.<\/p>\n<p>Tras el descanso largo, Regatas logr\u00f3 sostener la embestida de su rival, sin dejarle que se acerque demasiado, sin embargo ya cerca del final del periodo, Alvear piso el acelerador y sec\u00f3 a Regatas en ataque, mientras que en ofensiva logr\u00f3 sumar, para ponerse 46 a 43 a falta de 3 minutos. Y ya en el minuto final, Regatas se volvi\u00f3 a dormir en defensa, y con un triple de Mi\u00f1o, se cerr\u00f3 el cuarto en 48 por lado.<\/p>\n<p>Entrados a los 10 minutos finales, fue el Alvear quien tom\u00f3 las riendas del partido, metiendo buena presi\u00f3n defensiva y corriendo la cancha, y as\u00ed logr\u00f3 un parcial de 7 a 0 en dos minutos de juego, poni\u00e9ndose 48 a 55 arriba. Luego, vino una reacci\u00f3n \u201cfantasma\u201d, que logr\u00f3 ponerse 54 a 57 promediando el cuarto, pero fue contrarrestada nuevamente por su rival, quien supo jugar con la diferencia a favor.<\/p>\n<p>Cuando faltaban 3 minutos para el cierre, Alvear lideraba el marcador por 11, pero all\u00ed nuevamente apareci\u00f3 una reacci\u00f3n \u201cremera\u201d, que logr\u00f3 ponerse 63 a 68 con 1:40 por jugar. Pero nuevamente la defensa de Alvear fue la clave, y despu\u00e9s desde la l\u00ednea y con un triple sobre el final, se decor\u00f3 el resultado, cerrando as\u00ed el juego y el cl\u00e1sico del Parque Mitre, 63 a 73.<\/p>\n<p>Con esta derrota, Regatas acumula su segunda ca\u00edda al hilo en tres presentaciones, ambas contras los finalistas del torneo Oficial 2018, Col\u00f3n y Alvear. Por su parte, el \u201cAlve\u201d gan\u00f3 sus 3 juegos.<\/p>\n<p><strong>LA S\u00cdNTESIS<\/strong><\/p>\n<p><strong>Regatas (63):<\/strong> Bautista Carulla 12, Enzo Alvaredo 2, Facundo Gonz\u00e1lez 8, Gianluca Dondo8 y Franco Zalazar 6(FI); Agust\u00edn Robles 7, Joaqu\u00edn Sosa 14, Patrick Destorel 2, Juan Mart\u00edn Quiroz 2 y Joaqu\u00edn N\u00fa\u00f1ez H\u00fcel 2. <strong>DT: <\/strong>Juan Pablo Mascar\u00f3.<\/p>\n<p><strong>Alvear (73): <\/strong>Agust\u00edn Revidatti 11, Luciano Fornies 9, Franco Muzzio 2, Cristian Ort\u00edz15 y Gonzalo Balbis17(FI); Manuel Mi\u00f1o 17 y Leonardo Rodr\u00edguez 2. <strong>DT:<\/strong> Diego Checenelli.<\/p>\n<p><strong>Parciales: <\/strong>20\/17, 39\/32 (19\/15), 48\/48 (9\/16), 63\/73 (15\/25).<\/p>\n<p><strong>Jueces: <\/strong>Christian Margalot y Leandro Lencina. <strong>Estadio<\/strong>: H\u00e9rcules.<\/p>\n<div id='gallery-1' class='gallery galleryid-18125 gallery-columns-5 gallery-size-thumbnail'><figure class='gallery-item'>\n\t\t\t<div class='gallery-icon landscape'>\n\t\t\t\t<a href='https:\/\/crc.org.ar\/w\/wp-content\/uploads\/2019\/04\/clasico1.jpeg'><img loading=\"lazy\" decoding=\"async\" width=\"150\" height=\"150\" src=\"https:\/\/crc.org.ar\/w\/wp-content\/uploads\/2019\/04\/clasico1-150x150.jpeg\" class=\"attachment-thumbnail size-thumbnail\" alt=\"\" \/><\/a>\n\t\t\t<\/div><\/figure><figure class='gallery-item'>\n\t\t\t<div class='gallery-icon portrait'>\n\t\t\t\t<a href='https:\/\/crc.org.ar\/w\/wp-content\/uploads\/2019\/04\/clasico.jpeg'><img loading=\"lazy\" decoding=\"async\" width=\"150\" height=\"150\" src=\"https:\/\/crc.org.ar\/w\/wp-content\/uploads\/2019\/04\/clasico-150x150.jpeg\" class=\"attachment-thumbnail size-thumbnail\" alt=\"\" \/><\/a>\n\t\t\t<\/div><\/figure><figure class='gallery-item'>\n\t\t\t<div class='gallery-icon landscape'>\n\t\t\t\t<a href='https:\/\/crc.org.ar\/w\/wp-content\/uploads\/2019\/04\/clasico1-1.jpeg'><img loading=\"lazy\" decoding=\"async\" width=\"150\" height=\"150\" src=\"https:\/\/crc.org.ar\/w\/wp-content\/uploads\/2019\/04\/clasico1-1-150x150.jpeg\" class=\"attachment-thumbnail size-thumbnail\" alt=\"\" \/><\/a>\n\t\t\t<\/div><\/figure><figure class='gallery-item'>\n\t\t\t<div class='gallery-icon portrait'>\n\t\t\t\t<a href='https:\/\/crc.org.ar\/w\/wp-content\/uploads\/2019\/04\/clasico2.jpeg'><img loading=\"lazy\" decoding=\"async\" width=\"150\" height=\"150\" src=\"https:\/\/crc.org.ar\/w\/wp-content\/uploads\/2019\/04\/clasico2-150x150.jpeg\" class=\"attachment-thumbnail size-thumbnail\" alt=\"\" \/><\/a>\n\t\t\t<\/div><\/figure><figure class='gallery-item'>\n\t\t\t<div class='gallery-icon landscape'>\n\t\t\t\t<a href='https:\/\/crc.org.ar\/w\/wp-content\/uploads\/2019\/04\/clasico3.jpeg'><img loading=\"lazy\" decoding=\"async\" width=\"150\" height=\"150\" src=\"https:\/\/crc.org.ar\/w\/wp-content\/uploads\/2019\/04\/clasico3-150x150.jpeg\" class=\"attachment-thumbnail size-thumbnail\" alt=\"\" \/><\/a>\n\t\t\t<\/div><\/figure><figure class='gallery-item'>\n\t\t\t<div class='gallery-icon portrait'>\n\t\t\t\t<a href='https:\/\/crc.org.ar\/w\/wp-content\/uploads\/2019\/04\/clasico4.jpeg'><img loading=\"lazy\" decoding=\"async\" width=\"150\" height=\"150\" src=\"https:\/\/crc.org.ar\/w\/wp-content\/uploads\/2019\/04\/clasico4-150x150.jpeg\" class=\"attachment-thumbnail size-thumbnail\" alt=\"\" \/><\/a>\n\t\t\t<\/div><\/figure><figure class='gallery-item'>\n\t\t\t<div class='gallery-icon landscape'>\n\t\t\t\t<a href='https:\/\/crc.org.ar\/w\/wp-content\/uploads\/2019\/04\/clasico5.jpeg'><img loading=\"lazy\" decoding=\"async\" width=\"150\" height=\"150\" src=\"https:\/\/crc.org.ar\/w\/wp-content\/uploads\/2019\/04\/clasico5-150x150.jpeg\" class=\"attachment-thumbnail size-thumbnail\" alt=\"\" \/><\/a>\n\t\t\t<\/div><\/figure><figure class='gallery-item'>\n\t\t\t<div class='gallery-icon landscape'>\n\t\t\t\t<a href='https:\/\/crc.org.ar\/w\/wp-content\/uploads\/2019\/04\/clasico6.jpeg'><img loading=\"lazy\" decoding=\"async\" width=\"150\" height=\"150\" src=\"https:\/\/crc.org.ar\/w\/wp-content\/uploads\/2019\/04\/clasico6-150x150.jpeg\" class=\"attachment-thumbnail size-thumbnail\" alt=\"\" \/><\/a>\n\t\t\t<\/div><\/figure><figure class='gallery-item'>\n\t\t\t<div class='gallery-icon landscape'>\n\t\t\t\t<a href='https:\/\/crc.org.ar\/w\/wp-content\/uploads\/2019\/04\/clasico7.jpeg'><img loading=\"lazy\" decoding=\"async\" width=\"150\" height=\"150\" src=\"https:\/\/crc.org.ar\/w\/wp-content\/uploads\/2019\/04\/clasico7-150x150.jpeg\" class=\"attachment-thumbnail size-thumbnail\" alt=\"\" srcset=\"https:\/\/crc.org.ar\/w\/wp-content\/uploads\/2019\/04\/clasico7-150x150.jpeg 150w, https:\/\/crc.org.ar\/w\/wp-content\/uploads\/2019\/04\/clasico7-300x300.jpeg 300w, https:\/\/crc.org.ar\/w\/wp-content\/uploads\/2019\/04\/clasico7.jpeg 482w\" sizes=\"(max-width: 150px) 100vw, 150px\" \/><\/a>\n\t\t\t<\/div><\/figure><figure class='gallery-item'>\n\t\t\t<div class='gallery-icon landscape'>\n\t\t\t\t<a href='https:\/\/crc.org.ar\/w\/wp-content\/uploads\/2019\/04\/clasico8.jpeg'><img loading=\"lazy\" decoding=\"async\" width=\"150\" height=\"150\" src=\"https:\/\/crc.org.ar\/w\/wp-content\/uploads\/2019\/04\/clasico8-150x150.jpeg\" class=\"attachment-thumbnail size-thumbnail\" alt=\"\" \/><\/a>\n\t\t\t<\/div><\/figure>\n\t\t<\/div>\n\n","protected":false},"excerpt":{"rendered":"<p>(Mi\u00e9rcoles 10 de abril de 2019). En la noche del mi\u00e9rcoles en cancha del club H\u00e9rcules, Regatas Corrientes cay\u00f3 frente a Alvear por 73 a 63, en un partido donde domin\u00f3 todas las acciones hasta el \u00faltimo cuarto. Tras poner la naranja al aire, comenz\u00f3 una nueva edici\u00f3n del cl\u00e1sico barrial, en donde Regatas consigui\u00f3 &hellip;<\/p>\n","protected":false},"author":1,"featured_media":18136,"comment_status":"closed","ping_status":"closed","sticky":false,"template":"","format":"standard","meta":{"footnotes":""},"categories":[80,156],"tags":[],"_links":{"self":[{"href":"https:\/\/crc.org.ar\/w\/wp-json\/wp\/v2\/posts\/18125"}],"collection":[{"href":"https:\/\/crc.org.ar\/w\/wp-json\/wp\/v2\/posts"}],"about":[{"href":"https:\/\/crc.org.ar\/w\/wp-json\/wp\/v2\/types\/post"}],"author":[{"embeddable":true,"href":"https:\/\/crc.org.ar\/w\/wp-json\/wp\/v2\/users\/1"}],"replies":[{"embeddable":true,"href":"https:\/\/crc.org.ar\/w\/wp-json\/wp\/v2\/comments?post=18125"}],"version-history":[{"count":1,"href":"https:\/\/crc.org.ar\/w\/wp-json\/wp\/v2\/posts\/18125\/revisions"}],"predecessor-version":[{"id":18137,"href":"https:\/\/crc.org.ar\/w\/wp-json\/wp\/v2\/posts\/18125\/revisions\/18137"}],"wp:featuredmedia":[{"embeddable":true,"href":"https:\/\/crc.org.ar\/w\/wp-json\/wp\/v2\/media\/18136"}],"wp:attachment":[{"href":"https:\/\/crc.org.ar\/w\/wp-json\/wp\/v2\/media?parent=18125"}],"wp:term":[{"taxonomy":"category","embeddable":true,"href":"https:\/\/crc.org.ar\/w\/wp-json\/wp\/v2\/categories?post=18125"},{"taxonomy":"post_tag","embeddable":true,"href":"https:\/\/crc.org.ar\/w\/wp-json\/wp\/v2\/tags?post=18125"}],"curies":[{"name":"wp","href":"https:\/\/api.w.org\/{rel}","templated":true}]}}