{"id":18172,"date":"2019-04-12T19:39:01","date_gmt":"2019-04-12T22:39:01","guid":{"rendered":"https:\/\/crc.org.ar\/w\/?p=18172"},"modified":"2019-04-12T19:39:01","modified_gmt":"2019-04-12T22:39:01","slug":"regatas-rinde-homenaje-a-alberto-dimiddi","status":"publish","type":"post","link":"https:\/\/crc.org.ar\/w\/regatas-rinde-homenaje-a-alberto-dimiddi\/","title":{"rendered":"Regatas rinde homenaje a Alberto Dimiddi"},"content":{"rendered":"<p>(Viernes 12 de abril de 2019). Este s\u00e1bado, en adhesi\u00f3n al \u201cD\u00eda Nacional del Remero\u201d, acontecido el pasado 11 de abril, el Club de Regatas Corrientes realizar\u00e1 la Regata \u201cAlberto Dimiddi\u201d, en homenaje al m\u00e1s grande remero del pa\u00eds.<!--more--><\/p>\n<p><a href=\"https:\/\/crc.org.ar\/w\/wp-content\/uploads\/2019\/04\/remo32.jpg\"><img loading=\"lazy\" decoding=\"async\" class=\"size-medium wp-image-18173 alignleft\" src=\"https:\/\/crc.org.ar\/w\/wp-content\/uploads\/2019\/04\/remo32-300x184.jpg\" alt=\"\" width=\"300\" height=\"184\" srcset=\"https:\/\/crc.org.ar\/w\/wp-content\/uploads\/2019\/04\/remo32-300x184.jpg 300w, https:\/\/crc.org.ar\/w\/wp-content\/uploads\/2019\/04\/remo32.jpg 640w\" sizes=\"(max-width: 300px) 100vw, 300px\" \/><\/a>En el marco de los festejos por el \u201cD\u00eda del Remero\u201d, este s\u00e1bado se llevar\u00e1 a cabo la Regata \u201c<strong>Alberto Dimiddi\u201d, <\/strong>en homenaje y reconocimiento al m\u00e1s grande remero que dio la disciplina.<\/p>\n<p>La competencia, dentro de calendario 2019 de remo de la instituci\u00f3n regatense, al frente del coordinador de remo <strong>Harris Gonz\u00e1lez Escobar<\/strong>, comenzar\u00e1 a las 16 horas, con concentraci\u00f3n a las 15 en el galp\u00f3n de botes del Club.<\/p>\n<p>Recordemos que el calendario 2019 se inicio en febrero pasado con la primera regata de \u201cVerano 2019\u201d, continu\u00f3 con la excursi\u00f3n de 12 kil\u00f3metros \u201cCarnavales 2019\u201d, para finalmente llegar a la segunda regata \u201cChau Verano\u201d.<\/p>\n<p>La competencia se llevar\u00e1 a cabo frente a la playa del Club de Regatas Corrientes, en la hist\u00f3rica Punta Mitre tambi\u00e9n, para as\u00ed los aficionados al deportes puedan presenciar las salidas y las llegadas de las embarcaciones.<\/p>\n<p><strong>UN POCO DE HISTORIA<\/strong><\/p>\n<p><a href=\"https:\/\/crc.org.ar\/w\/wp-content\/uploads\/2019\/04\/remo32-1.jpg\"><img loading=\"lazy\" decoding=\"async\" class=\"alignright size-medium wp-image-18174\" src=\"https:\/\/crc.org.ar\/w\/wp-content\/uploads\/2019\/04\/remo32-1-300x184.jpg\" alt=\"\" width=\"300\" height=\"184\" srcset=\"https:\/\/crc.org.ar\/w\/wp-content\/uploads\/2019\/04\/remo32-1-300x184.jpg 300w, https:\/\/crc.org.ar\/w\/wp-content\/uploads\/2019\/04\/remo32-1.jpg 640w\" sizes=\"(max-width: 300px) 100vw, 300px\" \/><\/a>Cabe se\u00f1alar que<strong> Alberto Demiddi<\/strong> es el m\u00e1s grande remero argentino. Y entre sus logros m\u00e1s significativos se pueden destacar las medallas en dos Juegos Ol\u00edmpicos, bronce en M\u00e9xico 1968 y plata en Munich 1972.<\/p>\n<p>Por \u00faltimo, tambi\u00e9n es importante recordar que Dimiddi naci\u00f3 un 11 de abril de 1944, y falleci\u00f3 el 25 de octubre de 2000 a causa de una enfermedad terminal. Por tal motivo, en la fecha de su natalicio se celebra el \u201cD\u00eda Nacional del Remero\u201d.<\/p>\n","protected":false},"excerpt":{"rendered":"<p>(Viernes 12 de abril de 2019). Este s\u00e1bado, en adhesi\u00f3n al \u201cD\u00eda Nacional del Remero\u201d, acontecido el pasado 11 de abril, el Club de Regatas Corrientes realizar\u00e1 la Regata \u201cAlberto Dimiddi\u201d, en homenaje al m\u00e1s grande remero del pa\u00eds. En el marco de los festejos por el \u201cD\u00eda del Remero\u201d, este s\u00e1bado se llevar\u00e1 a &hellip;<\/p>\n","protected":false},"author":1,"featured_media":18175,"comment_status":"closed","ping_status":"closed","sticky":false,"template":"","format":"standard","meta":{"footnotes":""},"categories":[156,18],"tags":[],"_links":{"self":[{"href":"https:\/\/crc.org.ar\/w\/wp-json\/wp\/v2\/posts\/18172"}],"collection":[{"href":"https:\/\/crc.org.ar\/w\/wp-json\/wp\/v2\/posts"}],"about":[{"href":"https:\/\/crc.org.ar\/w\/wp-json\/wp\/v2\/types\/post"}],"author":[{"embeddable":true,"href":"https:\/\/crc.org.ar\/w\/wp-json\/wp\/v2\/users\/1"}],"replies":[{"embeddable":true,"href":"https:\/\/crc.org.ar\/w\/wp-json\/wp\/v2\/comments?post=18172"}],"version-history":[{"count":1,"href":"https:\/\/crc.org.ar\/w\/wp-json\/wp\/v2\/posts\/18172\/revisions"}],"predecessor-version":[{"id":18176,"href":"https:\/\/crc.org.ar\/w\/wp-json\/wp\/v2\/posts\/18172\/revisions\/18176"}],"wp:featuredmedia":[{"embeddable":true,"href":"https:\/\/crc.org.ar\/w\/wp-json\/wp\/v2\/media\/18175"}],"wp:attachment":[{"href":"https:\/\/crc.org.ar\/w\/wp-json\/wp\/v2\/media?parent=18172"}],"wp:term":[{"taxonomy":"category","embeddable":true,"href":"https:\/\/crc.org.ar\/w\/wp-json\/wp\/v2\/categories?post=18172"},{"taxonomy":"post_tag","embeddable":true,"href":"https:\/\/crc.org.ar\/w\/wp-json\/wp\/v2\/tags?post=18172"}],"curies":[{"name":"wp","href":"https:\/\/api.w.org\/{rel}","templated":true}]}}