{"id":18224,"date":"2019-04-15T13:39:59","date_gmt":"2019-04-15T16:39:59","guid":{"rendered":"https:\/\/crc.org.ar\/w\/?p=18224"},"modified":"2019-04-15T13:39:59","modified_gmt":"2019-04-15T16:39:59","slug":"con-gran-suceso-se-llevo-a-cabo-la-regata-en-homenaje-a-alberto-dimiddi","status":"publish","type":"post","link":"https:\/\/crc.org.ar\/w\/con-gran-suceso-se-llevo-a-cabo-la-regata-en-homenaje-a-alberto-dimiddi\/","title":{"rendered":"Con gran suceso se llev\u00f3 a cabo la regata en homenaje a Alberto Dimiddi"},"content":{"rendered":"<p>(Lunes 14 de abril de 2019). El pasado s\u00e1bado, en adhesi\u00f3n al \u201cD\u00eda Nacional del Remero\u201d, se llev\u00f3 a cabo la Regata \u201cAlberto Dimiddi\u201d, que cont\u00f3 con m\u00e1s de cincuenta remeros y diecis\u00e9is carreras realizadas, entre singles, doble par y parcitos (paseo).<!--more--><\/p>\n<p>En una jornada impecable, en el marco de los festejos por el \u201cD\u00eda del Remero\u201d, el pasado s\u00e1bado se llev\u00f3 a cabo la Regata \u201c<strong>Alberto Dimiddi\u201d, <\/strong>organizado por el Club de Regatas Corrientes.<\/p>\n<p>La competencia, dentro del calendario 2019 de remo de la instituci\u00f3n regatense, al frente del coordinador y entrenador <strong>Harris Gonz\u00e1lez Escobar<\/strong>, cont\u00f3 con la participaci\u00f3n de m\u00e1s de cincuenta remeros.<\/p>\n<p>La regata se llev\u00f3 a cabo frente a la playa del Club de Regatas Corrientes y de la hist\u00f3rica Punta Mitre, para que los aficionados al deporte puedan presenciar las salidas y las llegadas de las embarcaciones.<\/p>\n<p>Se realizaron diecis\u00e9is (16) regatas entre parcitos (embarcaciones de paseo), doble par y single, siendo la m\u00e1s atrayentes la doble mixto, con tres series corridas, y la single, con tres series realizadas.<\/p>\n<p>All\u00ed hay que mencionar el compromiso y profesionalismo con que encararon las regatas <strong>Diego Vidal, Fernando Ort\u00edz, Tomas Gonz\u00e1lez, Esteban Ib\u00e1\u00f1ez, Antonio M\u00e9ndez, Alejandro G\u00f3mez, Fabi\u00e1n Arengo <\/strong>y<strong> Mateo Zimerman. <\/strong><\/p>\n<p>Con esta regata se cerr\u00f3 la primera parte del a\u00f1o del calendario regatense, que se inicio en febrero pasado con la I regata de \u201cVerano 2019\u201d, continu\u00f3 con la excursi\u00f3n de 12 kil\u00f3metros \u201cCarnavales 2019\u201d, para finalizar con la regata \u201cChau Verano\u201d.<\/p>\n<p>En este lapso, y como estaba planificado por Harris Gonz\u00e1lez Escobar la prioridad fue reactivar la actividad, haciendo mucho hincapi\u00e9 en la Escuelita de Remo, en donde se pudieron \u201creclutar\u201d a nuevos remeros.<\/p>\n<p>As\u00ed podemos nombrar a <strong>Ana Sena, Agostina Manzzoti, Irina Zimerman, Abril S\u00e1nchez, y Fiorela M\u00e9ndez<\/strong>, entre las chicas, y <strong>Agust\u00edn Vera, Santiago Ferullo, Benjam\u00edn Mazza y Sebasti\u00e1n Pineda, <\/strong>entre los chicos; entre otros.<\/p>\n<p>Ahora el objetivo de Gonz\u00e1lez Escobar es comenzar a trabajar con el pre plantel que se conform\u00f3 para ir reforzando entrenamientos, t\u00e9cnica, evaluaciones y tener su primer gran examen el pr\u00f3ximo 15 de junio en Asunci\u00f3n, en la \u201cRegata Aniversario Puerto Sajonia\u201d.<\/p>\n<div id='gallery-1' class='gallery galleryid-18224 gallery-columns-5 gallery-size-thumbnail'><figure class='gallery-item'>\n\t\t\t<div class='gallery-icon landscape'>\n\t\t\t\t<a href='https:\/\/crc.org.ar\/w\/wp-content\/uploads\/2019\/04\/remo.jpeg'><img loading=\"lazy\" decoding=\"async\" width=\"150\" height=\"150\" src=\"https:\/\/crc.org.ar\/w\/wp-content\/uploads\/2019\/04\/remo-150x150.jpeg\" class=\"attachment-thumbnail size-thumbnail\" alt=\"\" \/><\/a>\n\t\t\t<\/div><\/figure><figure class='gallery-item'>\n\t\t\t<div class='gallery-icon landscape'>\n\t\t\t\t<a href='https:\/\/crc.org.ar\/w\/wp-content\/uploads\/2019\/04\/remo1.jpeg'><img loading=\"lazy\" decoding=\"async\" width=\"150\" height=\"150\" src=\"https:\/\/crc.org.ar\/w\/wp-content\/uploads\/2019\/04\/remo1-150x150.jpeg\" class=\"attachment-thumbnail size-thumbnail\" alt=\"\" \/><\/a>\n\t\t\t<\/div><\/figure><figure class='gallery-item'>\n\t\t\t<div class='gallery-icon landscape'>\n\t\t\t\t<a href='https:\/\/crc.org.ar\/w\/wp-content\/uploads\/2019\/04\/remo2.jpeg'><img loading=\"lazy\" decoding=\"async\" width=\"150\" height=\"150\" src=\"https:\/\/crc.org.ar\/w\/wp-content\/uploads\/2019\/04\/remo2-150x150.jpeg\" class=\"attachment-thumbnail size-thumbnail\" alt=\"\" \/><\/a>\n\t\t\t<\/div><\/figure><figure class='gallery-item'>\n\t\t\t<div class='gallery-icon landscape'>\n\t\t\t\t<a href='https:\/\/crc.org.ar\/w\/wp-content\/uploads\/2019\/04\/remo3.jpeg'><img loading=\"lazy\" decoding=\"async\" width=\"150\" height=\"150\" src=\"https:\/\/crc.org.ar\/w\/wp-content\/uploads\/2019\/04\/remo3-150x150.jpeg\" class=\"attachment-thumbnail size-thumbnail\" alt=\"\" \/><\/a>\n\t\t\t<\/div><\/figure><figure class='gallery-item'>\n\t\t\t<div class='gallery-icon landscape'>\n\t\t\t\t<a href='https:\/\/crc.org.ar\/w\/wp-content\/uploads\/2019\/04\/remo4.jpeg'><img loading=\"lazy\" decoding=\"async\" width=\"150\" height=\"150\" src=\"https:\/\/crc.org.ar\/w\/wp-content\/uploads\/2019\/04\/remo4-150x150.jpeg\" class=\"attachment-thumbnail size-thumbnail\" alt=\"\" \/><\/a>\n\t\t\t<\/div><\/figure><figure class='gallery-item'>\n\t\t\t<div class='gallery-icon landscape'>\n\t\t\t\t<a href='https:\/\/crc.org.ar\/w\/wp-content\/uploads\/2019\/04\/remo5.jpeg'><img loading=\"lazy\" decoding=\"async\" width=\"150\" height=\"150\" src=\"https:\/\/crc.org.ar\/w\/wp-content\/uploads\/2019\/04\/remo5-150x150.jpeg\" class=\"attachment-thumbnail size-thumbnail\" alt=\"\" \/><\/a>\n\t\t\t<\/div><\/figure><figure class='gallery-item'>\n\t\t\t<div class='gallery-icon landscape'>\n\t\t\t\t<a href='https:\/\/crc.org.ar\/w\/wp-content\/uploads\/2019\/04\/remo6.jpeg'><img loading=\"lazy\" decoding=\"async\" width=\"150\" height=\"150\" src=\"https:\/\/crc.org.ar\/w\/wp-content\/uploads\/2019\/04\/remo6-150x150.jpeg\" class=\"attachment-thumbnail size-thumbnail\" alt=\"\" \/><\/a>\n\t\t\t<\/div><\/figure><figure class='gallery-item'>\n\t\t\t<div class='gallery-icon landscape'>\n\t\t\t\t<a href='https:\/\/crc.org.ar\/w\/wp-content\/uploads\/2019\/04\/remo7.jpeg'><img loading=\"lazy\" decoding=\"async\" width=\"150\" height=\"150\" src=\"https:\/\/crc.org.ar\/w\/wp-content\/uploads\/2019\/04\/remo7-150x150.jpeg\" class=\"attachment-thumbnail size-thumbnail\" alt=\"\" \/><\/a>\n\t\t\t<\/div><\/figure><figure class='gallery-item'>\n\t\t\t<div class='gallery-icon landscape'>\n\t\t\t\t<a href='https:\/\/crc.org.ar\/w\/wp-content\/uploads\/2019\/04\/remo8.jpeg'><img loading=\"lazy\" decoding=\"async\" width=\"150\" height=\"150\" src=\"https:\/\/crc.org.ar\/w\/wp-content\/uploads\/2019\/04\/remo8-150x150.jpeg\" class=\"attachment-thumbnail size-thumbnail\" alt=\"\" \/><\/a>\n\t\t\t<\/div><\/figure><figure class='gallery-item'>\n\t\t\t<div class='gallery-icon landscape'>\n\t\t\t\t<a href='https:\/\/crc.org.ar\/w\/wp-content\/uploads\/2019\/04\/remo9.jpeg'><img loading=\"lazy\" decoding=\"async\" width=\"150\" height=\"150\" src=\"https:\/\/crc.org.ar\/w\/wp-content\/uploads\/2019\/04\/remo9-150x150.jpeg\" class=\"attachment-thumbnail size-thumbnail\" alt=\"\" \/><\/a>\n\t\t\t<\/div><\/figure><figure class='gallery-item'>\n\t\t\t<div class='gallery-icon landscape'>\n\t\t\t\t<a href='https:\/\/crc.org.ar\/w\/wp-content\/uploads\/2019\/04\/remo10.jpeg'><img loading=\"lazy\" decoding=\"async\" width=\"150\" height=\"150\" src=\"https:\/\/crc.org.ar\/w\/wp-content\/uploads\/2019\/04\/remo10-150x150.jpeg\" class=\"attachment-thumbnail size-thumbnail\" alt=\"\" \/><\/a>\n\t\t\t<\/div><\/figure><figure class='gallery-item'>\n\t\t\t<div class='gallery-icon landscape'>\n\t\t\t\t<a href='https:\/\/crc.org.ar\/w\/wp-content\/uploads\/2019\/04\/remo12.jpeg'><img loading=\"lazy\" decoding=\"async\" width=\"150\" height=\"150\" src=\"https:\/\/crc.org.ar\/w\/wp-content\/uploads\/2019\/04\/remo12-150x150.jpeg\" class=\"attachment-thumbnail size-thumbnail\" alt=\"\" \/><\/a>\n\t\t\t<\/div><\/figure><figure class='gallery-item'>\n\t\t\t<div class='gallery-icon landscape'>\n\t\t\t\t<a href='https:\/\/crc.org.ar\/w\/wp-content\/uploads\/2019\/04\/remo13.jpeg'><img loading=\"lazy\" decoding=\"async\" width=\"150\" height=\"150\" src=\"https:\/\/crc.org.ar\/w\/wp-content\/uploads\/2019\/04\/remo13-150x150.jpeg\" class=\"attachment-thumbnail size-thumbnail\" alt=\"\" \/><\/a>\n\t\t\t<\/div><\/figure><figure class='gallery-item'>\n\t\t\t<div class='gallery-icon landscape'>\n\t\t\t\t<a href='https:\/\/crc.org.ar\/w\/wp-content\/uploads\/2019\/04\/remo14.jpeg'><img loading=\"lazy\" decoding=\"async\" width=\"150\" height=\"150\" src=\"https:\/\/crc.org.ar\/w\/wp-content\/uploads\/2019\/04\/remo14-150x150.jpeg\" class=\"attachment-thumbnail size-thumbnail\" alt=\"\" \/><\/a>\n\t\t\t<\/div><\/figure><figure class='gallery-item'>\n\t\t\t<div class='gallery-icon landscape'>\n\t\t\t\t<a href='https:\/\/crc.org.ar\/w\/wp-content\/uploads\/2019\/04\/remo15.jpeg'><img loading=\"lazy\" decoding=\"async\" width=\"150\" height=\"150\" src=\"https:\/\/crc.org.ar\/w\/wp-content\/uploads\/2019\/04\/remo15-150x150.jpeg\" class=\"attachment-thumbnail size-thumbnail\" alt=\"\" \/><\/a>\n\t\t\t<\/div><\/figure>\n\t\t<\/div>\n\n","protected":false},"excerpt":{"rendered":"<p>(Lunes 14 de abril de 2019). El pasado s\u00e1bado, en adhesi\u00f3n al \u201cD\u00eda Nacional del Remero\u201d, se llev\u00f3 a cabo la Regata \u201cAlberto Dimiddi\u201d, que cont\u00f3 con m\u00e1s de cincuenta remeros y diecis\u00e9is carreras realizadas, entre singles, doble par y parcitos (paseo). En una jornada impecable, en el marco de los festejos por el \u201cD\u00eda &hellip;<\/p>\n","protected":false},"author":1,"featured_media":18240,"comment_status":"closed","ping_status":"closed","sticky":false,"template":"","format":"standard","meta":{"footnotes":""},"categories":[156,18],"tags":[],"_links":{"self":[{"href":"https:\/\/crc.org.ar\/w\/wp-json\/wp\/v2\/posts\/18224"}],"collection":[{"href":"https:\/\/crc.org.ar\/w\/wp-json\/wp\/v2\/posts"}],"about":[{"href":"https:\/\/crc.org.ar\/w\/wp-json\/wp\/v2\/types\/post"}],"author":[{"embeddable":true,"href":"https:\/\/crc.org.ar\/w\/wp-json\/wp\/v2\/users\/1"}],"replies":[{"embeddable":true,"href":"https:\/\/crc.org.ar\/w\/wp-json\/wp\/v2\/comments?post=18224"}],"version-history":[{"count":1,"href":"https:\/\/crc.org.ar\/w\/wp-json\/wp\/v2\/posts\/18224\/revisions"}],"predecessor-version":[{"id":18241,"href":"https:\/\/crc.org.ar\/w\/wp-json\/wp\/v2\/posts\/18224\/revisions\/18241"}],"wp:featuredmedia":[{"embeddable":true,"href":"https:\/\/crc.org.ar\/w\/wp-json\/wp\/v2\/media\/18240"}],"wp:attachment":[{"href":"https:\/\/crc.org.ar\/w\/wp-json\/wp\/v2\/media?parent=18224"}],"wp:term":[{"taxonomy":"category","embeddable":true,"href":"https:\/\/crc.org.ar\/w\/wp-json\/wp\/v2\/categories?post=18224"},{"taxonomy":"post_tag","embeddable":true,"href":"https:\/\/crc.org.ar\/w\/wp-json\/wp\/v2\/tags?post=18224"}],"curies":[{"name":"wp","href":"https:\/\/api.w.org\/{rel}","templated":true}]}}