{"id":18528,"date":"2019-04-23T22:48:01","date_gmt":"2019-04-24T01:48:01","guid":{"rendered":"https:\/\/crc.org.ar\/w\/?p=18528"},"modified":"2019-04-23T22:51:04","modified_gmt":"2019-04-24T01:51:04","slug":"regatas-se-mide-con-juventus","status":"publish","type":"post","link":"https:\/\/crc.org.ar\/w\/regatas-se-mide-con-juventus\/","title":{"rendered":"Regatas se mide con Juventus"},"content":{"rendered":"<p>(Martes 23 de abril de 2019). Este mi\u00e9rcoles por la noche, Regatas Corrientes se medir\u00e1 ante club Juventus en cancha de Ping\u00fcinos, por la quinta fecha de la Copa Palacio, torneo de la Asociaci\u00f3n de B\u00e1squet de la Ciudad de Corrientes (ABCC).<!--more--><\/p>\n<p><a href=\"https:\/\/crc.org.ar\/w\/wp-content\/uploads\/2019\/04\/CRC-4.jpeg\"><img loading=\"lazy\" decoding=\"async\" class=\"alignright size-medium wp-image-18529\" src=\"https:\/\/crc.org.ar\/w\/wp-content\/uploads\/2019\/04\/CRC-4-300x192.jpeg\" alt=\"\" width=\"300\" height=\"192\" srcset=\"https:\/\/crc.org.ar\/w\/wp-content\/uploads\/2019\/04\/CRC-4-300x192.jpeg 300w, https:\/\/crc.org.ar\/w\/wp-content\/uploads\/2019\/04\/CRC-4.jpeg 640w\" sizes=\"(max-width: 300px) 100vw, 300px\" \/><\/a>Regatas Corrientes y Juventus estar\u00e1n disputando su partido correspondiente a la quinta fecha de la Copa Palacio de la primera divisi\u00f3n de la ABCC, este mi\u00e9rcoles por la noche, a partir de las 21 horas, en el estadio \u201cMarcelino \u201cCora\u201d Ojeda\u201d del Club Ping\u00fcinos.<\/p>\n<p>El duelo, a priori, es una promesa de partidazo, ya que ambos equipos proponen un juego muy atractivo y prometen ser competitivos en los torneos asociativos de primera divisi\u00f3n, aunque el \u201cgranate\u201d no cont\u00f3 con un buen andar en el inicio de este torneo.<\/p>\n<p>Recordemos, adem\u00e1s, que ambos equipos fueron semifinalistas del Torneo Oficial de la ABCC en el 2018.<\/p>\n<p>El conjunto \u201cremero\u201d, que hab\u00eda ca\u00eddo frente a los punteros Col\u00f3n y Alvear, en la 2\u00b0 y 3\u00b0 fecha respectivamente, viene de levantarse con una buena victoria frente a Arroyito, y ahora buscar\u00e1 extender su presente ganador contra los de barrio Belgrano.<\/p>\n<p>En el otro lado, el \u201cgranate\u201d, qued\u00f3 libre en la primera fecha, luego derrot\u00f3 c\u00f3modamente a Sagrado Coraz\u00f3n, y los dos mi\u00e9rcoles anteriores cayeron frente a El Tala y Ping\u00fcinos, por lo que buscar\u00e1 levantar cabeza frente a los \u201cfantasmas\u201d.<\/p>\n<p>Por \u00faltimo, en el \u201cremero\u201d seguramente volver\u00e1n a ser de la partida Joaqu\u00edn Marc\u00f3n y Andr\u00e9s Bodach quienes se ausentaron la fecha pasada por molestias f\u00edsicas, mientras que la vuelta de Fabio Gauto y Juan Cruz Scacchi se podr\u00eda dar en caso de que el cuerpo t\u00e9cnico de la Liga se los permita.<\/p>\n","protected":false},"excerpt":{"rendered":"<p>(Martes 23 de abril de 2019). Este mi\u00e9rcoles por la noche, Regatas Corrientes se medir\u00e1 ante club Juventus en cancha de Ping\u00fcinos, por la quinta fecha de la Copa Palacio, torneo de la Asociaci\u00f3n de B\u00e1squet de la Ciudad de Corrientes (ABCC). Regatas Corrientes y Juventus estar\u00e1n disputando su partido correspondiente a la quinta fecha &hellip;<\/p>\n","protected":false},"author":1,"featured_media":18530,"comment_status":"closed","ping_status":"closed","sticky":false,"template":"","format":"standard","meta":{"footnotes":""},"categories":[80,156],"tags":[],"_links":{"self":[{"href":"https:\/\/crc.org.ar\/w\/wp-json\/wp\/v2\/posts\/18528"}],"collection":[{"href":"https:\/\/crc.org.ar\/w\/wp-json\/wp\/v2\/posts"}],"about":[{"href":"https:\/\/crc.org.ar\/w\/wp-json\/wp\/v2\/types\/post"}],"author":[{"embeddable":true,"href":"https:\/\/crc.org.ar\/w\/wp-json\/wp\/v2\/users\/1"}],"replies":[{"embeddable":true,"href":"https:\/\/crc.org.ar\/w\/wp-json\/wp\/v2\/comments?post=18528"}],"version-history":[{"count":1,"href":"https:\/\/crc.org.ar\/w\/wp-json\/wp\/v2\/posts\/18528\/revisions"}],"predecessor-version":[{"id":18531,"href":"https:\/\/crc.org.ar\/w\/wp-json\/wp\/v2\/posts\/18528\/revisions\/18531"}],"wp:featuredmedia":[{"embeddable":true,"href":"https:\/\/crc.org.ar\/w\/wp-json\/wp\/v2\/media\/18530"}],"wp:attachment":[{"href":"https:\/\/crc.org.ar\/w\/wp-json\/wp\/v2\/media?parent=18528"}],"wp:term":[{"taxonomy":"category","embeddable":true,"href":"https:\/\/crc.org.ar\/w\/wp-json\/wp\/v2\/categories?post=18528"},{"taxonomy":"post_tag","embeddable":true,"href":"https:\/\/crc.org.ar\/w\/wp-json\/wp\/v2\/tags?post=18528"}],"curies":[{"name":"wp","href":"https:\/\/api.w.org\/{rel}","templated":true}]}}