{"id":1877,"date":"2017-05-09T23:57:42","date_gmt":"2017-05-10T02:57:42","guid":{"rendered":"http:\/\/www.crc.org.ar\/w\/?p=1877"},"modified":"2017-05-09T23:59:58","modified_gmt":"2017-05-10T02:59:58","slug":"los-alumnos-se-recibieron-de-maestros-en-la-regata-mes-aniversario-de-la-patria","status":"publish","type":"post","link":"https:\/\/crc.org.ar\/w\/los-alumnos-se-recibieron-de-maestros-en-la-regata-mes-aniversario-de-la-patria\/","title":{"rendered":"Los alumnos se recibieron de maestros en la regata \u201cMes Aniversario de la Patria\u201d"},"content":{"rendered":"<p>(Martes 9 de mayo de 2017). El pasado domingo se llev\u00f3 a cabo la regata \u201cMes Aniversario de la Patria\u201d, que fue organizado por la subcomisi\u00f3n de vela del Club de Regatas Corrientes. Taquicardia en la Clase A, Invencible en la B, y Lady Tramp en la C ganaron la competencia.<!--more--><br \/>\n<img loading=\"lazy\" decoding=\"async\" class=\"size-medium wp-image-1878 alignleft\" src=\"http:\/\/www.crc.org.ar\/w\/wp-content\/uploads\/2017\/05\/invencible-400-262x300.jpg\" alt=\"\" width=\"262\" height=\"300\" srcset=\"https:\/\/crc.org.ar\/w\/wp-content\/uploads\/2017\/05\/invencible-400-262x300.jpg 262w, https:\/\/crc.org.ar\/w\/wp-content\/uploads\/2017\/05\/invencible-400.jpg 400w\" sizes=\"(max-width: 262px) 100vw, 262px\" \/>La subcomisi\u00f3n de vela del Club de Regatas Corrientes, al frente de Eduardo Spotti, le dio continuidad, el pasado domingo, al programa de actividades de la temporada 2017, que diera inicio recientemente con marcado \u00e9xito.<\/p>\n<p>En la oportunidad se corri\u00f3 la regata \u201cMes Aniversario de la Patria\u201d; una competencia de marcas fijas, que se larg\u00f3 demorado dado que la lancha de Comisi\u00f3n de Regata tuvo que auxiliar al velero Christ que rompi\u00f3 tim\u00f3n<\/p>\n<p>Reci\u00e9n cerca de las 17 horas, entonces, se larg\u00f3 la regata desde el club organizador, con viento noreste de 12 nudos, para dar vuelta a la isla Hern\u00e1ndez, dej\u00e1ndola por babor, y culminar frente a la costanera sur.<\/p>\n<p><strong>EN EL AGUA<\/strong><br \/>\nEn el agua lleg\u00f3 primero, frente a la playa Arazaty, Taquicardia, segundo fue el Simbat ambos de serie A. Tercero el Invencible, cuarto el Indio Manzo, estos de serie B. Quinto el Lady Tramp, y el Alfa no pudo terminar el recorrido estos en serie C.<\/p>\n<p><strong>GANADORES <\/strong><br \/>\n<strong>POR SERIE<\/strong><br \/>\nDe esta manera Taquicardia gan\u00f3 la Clase A, Invencible la \u201cB\u201d y Lady Tramp la C; en una competencia que finaliz\u00f3 entrada la noche del domingo en la marina regatense en donde llev\u00f3 a cabo la entrega de premios.<\/p>\n<p><strong>DIPLOMA <\/strong><br \/>\n<strong>ANTICIPADO<\/strong><br \/>\nLo particular de la competencia es que una parte de los alumnos del curso de timonel de yate a vela de la instituci\u00f3n del parque Mitre, integraron la tripulaci\u00f3n del Taquicardia con Luis Pozzer como capit\u00e1n.<\/p>\n<p>En tanto otro grupo de alumnos, varios de ellos debutantes, integraron la tripulaci\u00f3n del velero Escuela del Club de Regatas Corrientes, Invencible, con el profesor Ernesto Soto Demonte.<\/p>\n<p><strong>AGRADECIMIENTOS<\/strong><br \/>\nComo siempre la subcomisi\u00f3n de vela regatense agradece a Prefectura Naval Argentina, a la Comisi\u00f3n Directiva de la instituci\u00f3n anfitriona, y en especial a Rub\u00e9n Cordini y B\u00e1rbara Gatica que fueron los Oficiales de d\u00eda.<\/p>\n[FAG id=1880]\n","protected":false},"excerpt":{"rendered":"<p>(Martes 9 de mayo de 2017). El pasado domingo se llev\u00f3 a cabo la regata \u201cMes Aniversario de la Patria\u201d, que fue organizado por la subcomisi\u00f3n de vela del Club de Regatas Corrientes. Taquicardia en la Clase A, Invencible en la B, y Lady Tramp en la C ganaron la competencia. La subcomisi\u00f3n de vela &hellip;<\/p>\n","protected":false},"author":1,"featured_media":1878,"comment_status":"closed","ping_status":"open","sticky":false,"template":"","format":"standard","meta":{"footnotes":""},"categories":[75],"tags":[],"_links":{"self":[{"href":"https:\/\/crc.org.ar\/w\/wp-json\/wp\/v2\/posts\/1877"}],"collection":[{"href":"https:\/\/crc.org.ar\/w\/wp-json\/wp\/v2\/posts"}],"about":[{"href":"https:\/\/crc.org.ar\/w\/wp-json\/wp\/v2\/types\/post"}],"author":[{"embeddable":true,"href":"https:\/\/crc.org.ar\/w\/wp-json\/wp\/v2\/users\/1"}],"replies":[{"embeddable":true,"href":"https:\/\/crc.org.ar\/w\/wp-json\/wp\/v2\/comments?post=1877"}],"version-history":[{"count":3,"href":"https:\/\/crc.org.ar\/w\/wp-json\/wp\/v2\/posts\/1877\/revisions"}],"predecessor-version":[{"id":1882,"href":"https:\/\/crc.org.ar\/w\/wp-json\/wp\/v2\/posts\/1877\/revisions\/1882"}],"wp:featuredmedia":[{"embeddable":true,"href":"https:\/\/crc.org.ar\/w\/wp-json\/wp\/v2\/media\/1878"}],"wp:attachment":[{"href":"https:\/\/crc.org.ar\/w\/wp-json\/wp\/v2\/media?parent=1877"}],"wp:term":[{"taxonomy":"category","embeddable":true,"href":"https:\/\/crc.org.ar\/w\/wp-json\/wp\/v2\/categories?post=1877"},{"taxonomy":"post_tag","embeddable":true,"href":"https:\/\/crc.org.ar\/w\/wp-json\/wp\/v2\/tags?post=1877"}],"curies":[{"name":"wp","href":"https:\/\/api.w.org\/{rel}","templated":true}]}}