{"id":1890,"date":"2017-05-10T22:31:10","date_gmt":"2017-05-11T01:31:10","guid":{"rendered":"http:\/\/www.crc.org.ar\/w\/?p=1890"},"modified":"2017-05-10T22:31:10","modified_gmt":"2017-05-11T01:31:10","slug":"todo-listo-para-el-torneo-internacional-itf","status":"publish","type":"post","link":"https:\/\/crc.org.ar\/w\/todo-listo-para-el-torneo-internacional-itf\/","title":{"rendered":"Todo listo para el Torneo Internacional ITF"},"content":{"rendered":"<p>(Mi\u00e9rcoles 10 de mayo de 2017). Todo esta listo para que este domingo se lleve a cabo la XIX edici\u00f3n del Torneo Internacional de Taekwon-do ITF, organizado por la Asociaci\u00f3n Academia Superior presidida por el master <strong>Jorge Demarchi, <\/strong>con el apoyo del Gobierno Provincial.<!--more--><\/p>\n<p><img loading=\"lazy\" decoding=\"async\" class=\"size-medium wp-image-1891 alignleft\" src=\"http:\/\/www.crc.org.ar\/w\/wp-content\/uploads\/2017\/05\/medallaTKD-400-300x169.jpg\" alt=\"\" width=\"300\" height=\"169\" srcset=\"https:\/\/crc.org.ar\/w\/wp-content\/uploads\/2017\/05\/medallaTKD-400-300x169.jpg 300w, https:\/\/crc.org.ar\/w\/wp-content\/uploads\/2017\/05\/medallaTKD-400.jpg 448w\" sizes=\"(max-width: 300px) 100vw, 300px\" \/>La XIX edici\u00f3n del Torneo Internacional de Taekwon-do ITF, que se llevar\u00e1 a cabo este domingo en el gimnasio principal del Club de Regatas Corrientes, esta todo listo para albergar a m\u00e1s de 1000 competidores, algo as\u00ed como 700 de toda la Provincial.<\/p>\n<p>Como es tradicional se espera la participaci\u00f3n de competidores provenientes de Capital Federal, provincia de Buenos Aires, C\u00f3rdoba, Santa Fe, Salta, Santiago del Estero, Tucum\u00e1n y Entre R\u00edos.<\/p>\n<p>Adem\u00e1s de todo el NEA argentino, como Misiones, Formosa, Chaco y Corrientes como anfitriona, como as\u00ed tambi\u00e9n de los pa\u00edses hermanos del Brasil, Uruguay y Paraguay que ya confirmaron su presencia con gran n\u00famero de competidores.<\/p>\n<p><strong>LA COMPETENCIA<\/strong><br \/>\nLas competencias dar\u00e1n comienzo a las 09:00 hs con la categor\u00eda de exhibici\u00f3n para proseguir con infantiles, cadetes, juveniles, adultos y senior para culminar con el plato fuerte de la jornada con las competencias de Danes individuales y por equipos.<\/p>\n<p><strong>ACTO CENTRAL<\/strong><br \/>\nA las 11:30 hs se llevar\u00e1 a cabo el acto de apertura con la presencia de la Comisi\u00f3n Directiva del Club de Regatas Corrientes e invitados especiales, como as\u00ed tambi\u00e9n autoridades provinciales y municipales.<\/p>\n<p><strong>IMPORTANTE NOTICIA<\/strong><br \/>\nA muy pocos d\u00edas de la organizaci\u00f3n del torneo Internacional y a pocos meses del Mundial, la Fundaci\u00f3n Jorge Demarchi anunci\u00f3 la concreci\u00f3n de un importante proyecto que se pondr\u00e1 en marcha en poco tiempo y que estar\u00e1 impulsado por la misma.<\/p>\n<p>Dicho proyecto llevar\u00e1 el nombre de &#8220;Taekwon-do sin fronteras&#8221;, y consiste en brindar la posibilidad a ni\u00f1os y j\u00f3venes de escasos recursos econ\u00f3micos de poder conocer, practicar y nutrirse de la noble disciplina del Takown-do ITF.<\/p>\n<p>De esta manera se contribuir\u00e1 a encauzarlos hacia un futuro con valores en la b\u00fasqueda de una sociedad mejor e inclusi\u00f3n social para todos ellos. La educaci\u00f3n, formaci\u00f3n, disciplina y el deporte son una excelente herramienta y manera de proporcionar alternativas validas y positivas para nuestros ni\u00f1os y j\u00f3venes.<\/p>\n<p>Para llevar adelante este ambicioso proyecto la Fundaci\u00f3n cuenta con las suficientes estructuras legales, institucionales y de recursos humanos, con el claro objetivo de apostar a un Taekwon-do inclusivo y mejor para todos.<\/p>\n","protected":false},"excerpt":{"rendered":"<p>(Mi\u00e9rcoles 10 de mayo de 2017). Todo esta listo para que este domingo se lleve a cabo la XIX edici\u00f3n del Torneo Internacional de Taekwon-do ITF, organizado por la Asociaci\u00f3n Academia Superior presidida por el master Jorge Demarchi, con el apoyo del Gobierno Provincial. La XIX edici\u00f3n del Torneo Internacional de Taekwon-do ITF, que se &hellip;<\/p>\n","protected":false},"author":1,"featured_media":1891,"comment_status":"closed","ping_status":"open","sticky":false,"template":"","format":"standard","meta":{"footnotes":""},"categories":[72,74],"tags":[],"_links":{"self":[{"href":"https:\/\/crc.org.ar\/w\/wp-json\/wp\/v2\/posts\/1890"}],"collection":[{"href":"https:\/\/crc.org.ar\/w\/wp-json\/wp\/v2\/posts"}],"about":[{"href":"https:\/\/crc.org.ar\/w\/wp-json\/wp\/v2\/types\/post"}],"author":[{"embeddable":true,"href":"https:\/\/crc.org.ar\/w\/wp-json\/wp\/v2\/users\/1"}],"replies":[{"embeddable":true,"href":"https:\/\/crc.org.ar\/w\/wp-json\/wp\/v2\/comments?post=1890"}],"version-history":[{"count":1,"href":"https:\/\/crc.org.ar\/w\/wp-json\/wp\/v2\/posts\/1890\/revisions"}],"predecessor-version":[{"id":1892,"href":"https:\/\/crc.org.ar\/w\/wp-json\/wp\/v2\/posts\/1890\/revisions\/1892"}],"wp:featuredmedia":[{"embeddable":true,"href":"https:\/\/crc.org.ar\/w\/wp-json\/wp\/v2\/media\/1891"}],"wp:attachment":[{"href":"https:\/\/crc.org.ar\/w\/wp-json\/wp\/v2\/media?parent=1890"}],"wp:term":[{"taxonomy":"category","embeddable":true,"href":"https:\/\/crc.org.ar\/w\/wp-json\/wp\/v2\/categories?post=1890"},{"taxonomy":"post_tag","embeddable":true,"href":"https:\/\/crc.org.ar\/w\/wp-json\/wp\/v2\/tags?post=1890"}],"curies":[{"name":"wp","href":"https:\/\/api.w.org\/{rel}","templated":true}]}}