{"id":18918,"date":"2019-05-08T11:37:23","date_gmt":"2019-05-08T14:37:23","guid":{"rendered":"https:\/\/crc.org.ar\/w\/?p=18918"},"modified":"2019-05-08T11:37:23","modified_gmt":"2019-05-08T14:37:23","slug":"alejandro-vera-y-un-duro-desafio-en-la-regata-internacional-de-gavirate","status":"publish","type":"post","link":"https:\/\/crc.org.ar\/w\/alejandro-vera-y-un-duro-desafio-en-la-regata-internacional-de-gavirate\/","title":{"rendered":"Alejandro Vera y un duro desaf\u00edo en la Regata Internacional de Gavirate"},"content":{"rendered":"<p>(Mi\u00e9rcoles 8 de mayo 2018). El remero del Club de Regatas Corrientes, <strong>Alejandro Vera<\/strong>, viajar\u00e1 este jueves a Buenos Aires para una concentraci\u00f3n previa en Tigre, y el lunes a Italia, en donde participar\u00e1, el 18 y 19 de mayo, en la XIII edici\u00f3n de la Regata Internacional para remo de Gavirate.<!--more--><\/p>\n<p><a href=\"https:\/\/crc.org.ar\/w\/wp-content\/uploads\/2019\/05\/Ale-Vera.jpg\"><img loading=\"lazy\" decoding=\"async\" class=\"size-medium wp-image-18919 alignleft\" src=\"https:\/\/crc.org.ar\/w\/wp-content\/uploads\/2019\/05\/Ale-Vera-300x188.jpg\" alt=\"\" width=\"300\" height=\"188\" srcset=\"https:\/\/crc.org.ar\/w\/wp-content\/uploads\/2019\/05\/Ale-Vera-300x188.jpg 300w, https:\/\/crc.org.ar\/w\/wp-content\/uploads\/2019\/05\/Ale-Vera.jpg 640w\" sizes=\"(max-width: 300px) 100vw, 300px\" \/><\/a>Finalmente el remero de Regatas Corrientes, <strong>Alejandro Vera<\/strong>, viajar\u00e1 a Italia, para participar de la prestigiosa Regata Internacional de para remo de Gavirate; una de las citas m\u00e1s importantes del calendario FISA (Federaci\u00f3n Internacional de Sociedades de Remo).<\/p>\n<p>Atr\u00e1s qued\u00f3 la frustrante ausencia en el Campeonato Sudamericano de para remo en Brasil, en donde no pudo estar por cuestiones presupuestar\u00edas tras haberse quedado con la medalla de oro en la Copa Am\u00e9rica 2019, reteniendo el t\u00edtulo logrado en 2018.<\/p>\n<p>\u201cSi quiero cumplir mi sue\u00f1o de estar en Tokio 2020 es una obligaci\u00f3n ir. As\u00ed que puse plata de mi bolsillo y voy con lo justo y necesario\u201d, dijo contento, ilusionado y triste a la vez el \u201cremero\u201d regatense <strong>\u201cAle\u201d Vera, <\/strong>afligido con los trastornos del deporte amateurs.<\/p>\n<p>\u201cQuiero agradecer muy especialmente a la Rectora y Secretar\u00eda General de Asuntos sociales de la UNNE, a la Municipalidad de la Ciudad de Corrientes, a Servicios Profesionales Veterinarios, y a mi querido Club que hacen posible este viaje\u201d, remarc\u00f3.<\/p>\n<p><strong>Alejandro Vera<\/strong> viajar\u00e1 este jueves a Buenos Aires, en donde quedar\u00e1 concentrado y realizando la puesta a punto para la competencia. En tanto el lunes viajar\u00e1 a Italia, previa escala en Londres, para luego trasladarse a Gavirate.<\/p>\n<p>La competencia se llevar\u00e1 a cabo en el centro de remo Gavirate en el lago de Varese, con ocho andariveles de 2000 metros; y ser\u00e1 organizado por la Comisi\u00f3n de Regatas del Canottieri Gavirate, y ser\u00e1 fiscalizado por la Federazione Italiana Canottaggio.<\/p>\n","protected":false},"excerpt":{"rendered":"<p>(Mi\u00e9rcoles 8 de mayo 2018). El remero del Club de Regatas Corrientes, Alejandro Vera, viajar\u00e1 este jueves a Buenos Aires para una concentraci\u00f3n previa en Tigre, y el lunes a Italia, en donde participar\u00e1, el 18 y 19 de mayo, en la XIII edici\u00f3n de la Regata Internacional para remo de Gavirate. Finalmente el remero &hellip;<\/p>\n","protected":false},"author":1,"featured_media":18920,"comment_status":"closed","ping_status":"closed","sticky":false,"template":"","format":"standard","meta":{"footnotes":""},"categories":[156,18],"tags":[],"_links":{"self":[{"href":"https:\/\/crc.org.ar\/w\/wp-json\/wp\/v2\/posts\/18918"}],"collection":[{"href":"https:\/\/crc.org.ar\/w\/wp-json\/wp\/v2\/posts"}],"about":[{"href":"https:\/\/crc.org.ar\/w\/wp-json\/wp\/v2\/types\/post"}],"author":[{"embeddable":true,"href":"https:\/\/crc.org.ar\/w\/wp-json\/wp\/v2\/users\/1"}],"replies":[{"embeddable":true,"href":"https:\/\/crc.org.ar\/w\/wp-json\/wp\/v2\/comments?post=18918"}],"version-history":[{"count":1,"href":"https:\/\/crc.org.ar\/w\/wp-json\/wp\/v2\/posts\/18918\/revisions"}],"predecessor-version":[{"id":18921,"href":"https:\/\/crc.org.ar\/w\/wp-json\/wp\/v2\/posts\/18918\/revisions\/18921"}],"wp:featuredmedia":[{"embeddable":true,"href":"https:\/\/crc.org.ar\/w\/wp-json\/wp\/v2\/media\/18920"}],"wp:attachment":[{"href":"https:\/\/crc.org.ar\/w\/wp-json\/wp\/v2\/media?parent=18918"}],"wp:term":[{"taxonomy":"category","embeddable":true,"href":"https:\/\/crc.org.ar\/w\/wp-json\/wp\/v2\/categories?post=18918"},{"taxonomy":"post_tag","embeddable":true,"href":"https:\/\/crc.org.ar\/w\/wp-json\/wp\/v2\/tags?post=18918"}],"curies":[{"name":"wp","href":"https:\/\/api.w.org\/{rel}","templated":true}]}}