{"id":18965,"date":"2019-05-09T11:56:05","date_gmt":"2019-05-09T14:56:05","guid":{"rendered":"https:\/\/crc.org.ar\/w\/?p=18965"},"modified":"2019-05-09T11:56:05","modified_gmt":"2019-05-09T14:56:05","slug":"tremenda-experiencia-de-los-nautas-regatenses-en-el-campeonato-san-isidro-labrador","status":"publish","type":"post","link":"https:\/\/crc.org.ar\/w\/tremenda-experiencia-de-los-nautas-regatenses-en-el-campeonato-san-isidro-labrador\/","title":{"rendered":"Tremenda experiencia de los nautas regatenses en el Campeonato San Isidro Labrador"},"content":{"rendered":"<p>(Jueves 9 de mayo de 2019). Los nautas del Club de Regatas Corrientes, <strong>Luz Mar\u00eda Molina Weyler <\/strong>y<strong> Franco Cassiet<\/strong>, finalizaron con \u00e9xito el Campeonato San Isidro Labrador, adquiriendo una tremenda experiencia.<!--more--><\/p>\n<p><a href=\"https:\/\/crc.org.ar\/w\/wp-content\/uploads\/2019\/05\/nautas-regatenses.jpg\"><img loading=\"lazy\" decoding=\"async\" class=\"size-medium wp-image-18966 alignleft\" src=\"https:\/\/crc.org.ar\/w\/wp-content\/uploads\/2019\/05\/nautas-regatenses-300x225.jpg\" alt=\"\" width=\"300\" height=\"225\" srcset=\"https:\/\/crc.org.ar\/w\/wp-content\/uploads\/2019\/05\/nautas-regatenses-300x225.jpg 300w, https:\/\/crc.org.ar\/w\/wp-content\/uploads\/2019\/05\/nautas-regatenses.jpg 640w\" sizes=\"(max-width: 300px) 100vw, 300px\" \/><\/a>El pasado fin de semana, finaliz\u00f3 una nueva edici\u00f3n del Campeonato San Isidro Labrador, organizado por el Club N\u00e1utico San Isidro (CNSI), con el auspicio de la Federaci\u00f3n Argentina de Yachting.<\/p>\n<p>Como en el primer fin de semana de competencia, las regatas se llevaron a cabo en el r\u00edo de La Plata, y en la oportunidad la Clase Optimist Principiantes cont\u00f3 con una flota de ciento cincuenta y cuatro (154) embarcaciones.<\/p>\n<p>De la competencia fueron de la partida los nautas del Club de Regatas Corrientes, <strong>Luz Mar\u00eda Molina Weyler<\/strong>, qui\u00e9n hizo su debut, y<strong> Franco Cassiet <\/strong>que tras corregir y ajustar respecto a su primera performance crecieron en su producci\u00f3n.<\/p>\n<p><strong>Franco Cassiet <\/strong>fue el que mejor se adapt\u00f3 a la flota y a la cancha, logrando quedar 15\u00b0, 13\u00b0 y 20\u00b0; y en su \u00faltima regata inclusive entr\u00f3 a la \u00faltima boya quinto, pero la ansiedad le jug\u00f3 una mala pasada y retrocedi\u00f3 quince lugares.<\/p>\n<p>A <strong>Luz Mar\u00eda Molina Weyler<\/strong> le cost\u00f3 un poco m\u00e1s, sabiendo que era su primera experiencia en otras aguas, con una flota impresionante y obviamente el per\u00edodo de adaptaci\u00f3n fue m\u00e1s lento, aunque progres\u00f3 y mucho.<\/p>\n<p>De esta manera los nautas de Regatas Corrientes, que en los dos fines de semana fueron acompa\u00f1ados por el instructor <strong>Ernesto Soto Demonte<\/strong>, cumplieron con las expectativas de aprender y sumar experiencia entre los mejores.<\/p>\n","protected":false},"excerpt":{"rendered":"<p>(Jueves 9 de mayo de 2019). Los nautas del Club de Regatas Corrientes, Luz Mar\u00eda Molina Weyler y Franco Cassiet, finalizaron con \u00e9xito el Campeonato San Isidro Labrador, adquiriendo una tremenda experiencia. El pasado fin de semana, finaliz\u00f3 una nueva edici\u00f3n del Campeonato San Isidro Labrador, organizado por el Club N\u00e1utico San Isidro (CNSI), con &hellip;<\/p>\n","protected":false},"author":1,"featured_media":18967,"comment_status":"closed","ping_status":"closed","sticky":false,"template":"","format":"standard","meta":{"footnotes":""},"categories":[156,75],"tags":[],"_links":{"self":[{"href":"https:\/\/crc.org.ar\/w\/wp-json\/wp\/v2\/posts\/18965"}],"collection":[{"href":"https:\/\/crc.org.ar\/w\/wp-json\/wp\/v2\/posts"}],"about":[{"href":"https:\/\/crc.org.ar\/w\/wp-json\/wp\/v2\/types\/post"}],"author":[{"embeddable":true,"href":"https:\/\/crc.org.ar\/w\/wp-json\/wp\/v2\/users\/1"}],"replies":[{"embeddable":true,"href":"https:\/\/crc.org.ar\/w\/wp-json\/wp\/v2\/comments?post=18965"}],"version-history":[{"count":1,"href":"https:\/\/crc.org.ar\/w\/wp-json\/wp\/v2\/posts\/18965\/revisions"}],"predecessor-version":[{"id":18968,"href":"https:\/\/crc.org.ar\/w\/wp-json\/wp\/v2\/posts\/18965\/revisions\/18968"}],"wp:featuredmedia":[{"embeddable":true,"href":"https:\/\/crc.org.ar\/w\/wp-json\/wp\/v2\/media\/18967"}],"wp:attachment":[{"href":"https:\/\/crc.org.ar\/w\/wp-json\/wp\/v2\/media?parent=18965"}],"wp:term":[{"taxonomy":"category","embeddable":true,"href":"https:\/\/crc.org.ar\/w\/wp-json\/wp\/v2\/categories?post=18965"},{"taxonomy":"post_tag","embeddable":true,"href":"https:\/\/crc.org.ar\/w\/wp-json\/wp\/v2\/tags?post=18965"}],"curies":[{"name":"wp","href":"https:\/\/api.w.org\/{rel}","templated":true}]}}