{"id":19025,"date":"2019-05-12T22:18:39","date_gmt":"2019-05-13T01:18:39","guid":{"rendered":"https:\/\/crc.org.ar\/w\/?p=19025"},"modified":"2019-05-13T01:41:35","modified_gmt":"2019-05-13T04:41:35","slug":"regatas-gano-la-primera-etapa-del-circuito-regional-nea-2019","status":"publish","type":"post","link":"https:\/\/crc.org.ar\/w\/regatas-gano-la-primera-etapa-del-circuito-regional-nea-2019\/","title":{"rendered":"Regatas gan\u00f3 la primera etapa del Circuito Regional NEA 2019"},"content":{"rendered":"<p>(Domingo 12 de mayo de 2019). El equipo del Club de Regatas Corrientes se qued\u00f3 con la primera etapa de la XI edici\u00f3n del Circuito Regional NEA de Nataci\u00f3n, organizado con marcado \u00e9xito por la subcomisi\u00f3n de nataci\u00f3n regatense. La segunda fecha se llevar\u00e1 a cabo el 22 de junio pr\u00f3ximo.<!--more--><\/p>\n<p>El equipo de nataci\u00f3n del Club de Regatas Corrientes se adue\u00f1\u00f3 de la primera etapa de la XI edici\u00f3n del Circuito Regional NEA 2019, que se llev\u00f3 a cabo el \u00faltimo s\u00e1bado en el natatorio regatense.<\/p>\n<p>El equipo \u201cremero\u201d totaliz\u00f3 mil cincuenta y seis (1.056) puntos para ganar claramente la etapa, dejando atr\u00e1s a CAPRI que sum\u00f3 setecientos cincuenta y seis (756) puntos, y a Caza y Pesca \u2013 Natalu de Formosa trescientos ochenta y ocho (388) unidades.<\/p>\n<p>De esta manera, Regatas Corrientes, arranc\u00f3 de excelente manera el Regional, en donde ir\u00e1 en busca de repetir los t\u00edtulos de 2017 y 2018, para quedarse con la III Copa Challenger en juego.<\/p>\n<p><strong>POSICIONES <\/strong><\/p>\n<p>Las posiciones cumplida la primera etapa, quedaron de la siguiente manera: 1- Regatas Corrientes 1056 puntos, 2- Capri 756, 3- Caza y Pesca \u2013 Natal\u00fa 388, 4- Cune 385, 5- Corrientes Tenis Club 357, 6- Regatas Resistencia 311, 7- N\u00e1utico Formosa 239, 8- Acuaa 116, 9- Pileta Pompis 55, y 10- Vialidad Formosa 10 unidades.<\/p>\n<p><strong>LAS POSTAS<\/strong><\/p>\n<p>Las postas fueron una de las atracciones de la competencia, en la 50 metros Libre, para nadadores de 13 a\u00f1os Promocionales, el primer puesto fue Clubes Asociados Progreso, Rowing e Independiente (Capri).<\/p>\n<p>En la misma prueba, pero en Mujeres, el primer puesto fue para el Club de Regatas Resistencia, seguido por Caza y Pesca \u2013 Natal\u00fa y Regatas Corrientes, con un equipo integrado por <strong>Ana Paula Cabral, M\u00eda Fern\u00e1ndez, Yustina\u00a0 S\u00e1nchez, <\/strong>y<strong> Avril\u00a0 Camnasio.<\/strong><\/p>\n<p>Mientras que en varones hasta 14 a\u00f1os, siempre en Libre, Regatas Corrientes se qued\u00f3 con el primer puesto con un equipo conformado por <strong>Santiago Almir\u00f3n, Jorge Baruzzo, Joao Lecuna, <\/strong>y<strong> Lucas Ercolani. <\/strong>CTC y N\u00e1utico Formosa completaron el podio.<\/p>\n<p>En Federados, en tanto, en la prueba 50 metros Libre Mixto, el primer puesto fue para Capri, seguido por Regatas Corrientes y por Caza y Pesca &#8211; Natal\u00fa. El equipo regatense estuvo integrado por <strong>Tomas Ghione, Andrea Ponce, Ignacio Salazar, <\/strong>y<strong> Julieta Gonz\u00e1lez.<\/strong><\/p>\n<p><b>PR\u00d3XIMA<\/b><strong>\u00a0ETAPA<\/strong><\/p>\n<p>La pr\u00f3xima etapa, segunda etapa del Regional, se llevar\u00e1 a cabo el pr\u00f3ximo s\u00e1bado 22 de junio.<\/p>\n<p><a href=\"https:\/\/crc.org.ar\/w\/wp-content\/uploads\/2019\/05\/RESULTADOS-COMPLETOS.pdf\">RESULTADOS COMPLETOS<\/a><\/p>\n<p><a href=\"https:\/\/crc.org.ar\/w\/wp-content\/uploads\/2019\/05\/RESULTADOS-CON-PUNTOS-Y-CLASIFICACION-EQUIPOS.xlsx\">RESULTADOS CON PUNTOS Y CLASIFICACI\u00d3N EQUIPOS<\/a><\/p>\n<div id='gallery-1' class='gallery galleryid-19025 gallery-columns-5 gallery-size-thumbnail'><figure class='gallery-item'>\n\t\t\t<div class='gallery-icon landscape'>\n\t\t\t\t<a href='https:\/\/crc.org.ar\/w\/wp-content\/uploads\/2019\/05\/regional.jpeg'><img loading=\"lazy\" decoding=\"async\" width=\"150\" height=\"150\" src=\"https:\/\/crc.org.ar\/w\/wp-content\/uploads\/2019\/05\/regional-150x150.jpeg\" class=\"attachment-thumbnail size-thumbnail\" alt=\"\" \/><\/a>\n\t\t\t<\/div><\/figure><figure class='gallery-item'>\n\t\t\t<div class='gallery-icon landscape'>\n\t\t\t\t<a href='https:\/\/crc.org.ar\/w\/wp-content\/uploads\/2019\/05\/regional1.jpeg'><img loading=\"lazy\" decoding=\"async\" width=\"150\" height=\"150\" src=\"https:\/\/crc.org.ar\/w\/wp-content\/uploads\/2019\/05\/regional1-150x150.jpeg\" class=\"attachment-thumbnail size-thumbnail\" alt=\"\" \/><\/a>\n\t\t\t<\/div><\/figure><figure class='gallery-item'>\n\t\t\t<div class='gallery-icon landscape'>\n\t\t\t\t<a href='https:\/\/crc.org.ar\/w\/wp-content\/uploads\/2019\/05\/regional2.jpeg'><img loading=\"lazy\" decoding=\"async\" width=\"150\" height=\"150\" src=\"https:\/\/crc.org.ar\/w\/wp-content\/uploads\/2019\/05\/regional2-150x150.jpeg\" class=\"attachment-thumbnail size-thumbnail\" alt=\"\" \/><\/a>\n\t\t\t<\/div><\/figure><figure class='gallery-item'>\n\t\t\t<div class='gallery-icon landscape'>\n\t\t\t\t<a href='https:\/\/crc.org.ar\/w\/wp-content\/uploads\/2019\/05\/regional3.jpeg'><img loading=\"lazy\" decoding=\"async\" width=\"150\" height=\"150\" src=\"https:\/\/crc.org.ar\/w\/wp-content\/uploads\/2019\/05\/regional3-150x150.jpeg\" class=\"attachment-thumbnail size-thumbnail\" alt=\"\" \/><\/a>\n\t\t\t<\/div><\/figure><figure class='gallery-item'>\n\t\t\t<div class='gallery-icon landscape'>\n\t\t\t\t<a href='https:\/\/crc.org.ar\/w\/wp-content\/uploads\/2019\/05\/regional4.jpeg'><img loading=\"lazy\" decoding=\"async\" width=\"150\" height=\"150\" src=\"https:\/\/crc.org.ar\/w\/wp-content\/uploads\/2019\/05\/regional4-150x150.jpeg\" class=\"attachment-thumbnail size-thumbnail\" alt=\"\" \/><\/a>\n\t\t\t<\/div><\/figure><figure class='gallery-item'>\n\t\t\t<div class='gallery-icon landscape'>\n\t\t\t\t<a href='https:\/\/crc.org.ar\/w\/wp-content\/uploads\/2019\/05\/regional5.jpeg'><img loading=\"lazy\" decoding=\"async\" width=\"150\" height=\"150\" src=\"https:\/\/crc.org.ar\/w\/wp-content\/uploads\/2019\/05\/regional5-150x150.jpeg\" class=\"attachment-thumbnail size-thumbnail\" alt=\"\" \/><\/a>\n\t\t\t<\/div><\/figure><figure class='gallery-item'>\n\t\t\t<div class='gallery-icon landscape'>\n\t\t\t\t<a href='https:\/\/crc.org.ar\/w\/wp-content\/uploads\/2019\/05\/regional6.jpeg'><img loading=\"lazy\" decoding=\"async\" width=\"150\" height=\"150\" src=\"https:\/\/crc.org.ar\/w\/wp-content\/uploads\/2019\/05\/regional6-150x150.jpeg\" class=\"attachment-thumbnail size-thumbnail\" alt=\"\" \/><\/a>\n\t\t\t<\/div><\/figure><figure class='gallery-item'>\n\t\t\t<div class='gallery-icon landscape'>\n\t\t\t\t<a href='https:\/\/crc.org.ar\/w\/wp-content\/uploads\/2019\/05\/regional7.jpeg'><img loading=\"lazy\" decoding=\"async\" width=\"150\" height=\"150\" src=\"https:\/\/crc.org.ar\/w\/wp-content\/uploads\/2019\/05\/regional7-150x150.jpeg\" class=\"attachment-thumbnail size-thumbnail\" alt=\"\" \/><\/a>\n\t\t\t<\/div><\/figure><figure class='gallery-item'>\n\t\t\t<div class='gallery-icon landscape'>\n\t\t\t\t<a href='https:\/\/crc.org.ar\/w\/wp-content\/uploads\/2019\/05\/regional8.jpeg'><img loading=\"lazy\" decoding=\"async\" width=\"150\" height=\"150\" src=\"https:\/\/crc.org.ar\/w\/wp-content\/uploads\/2019\/05\/regional8-150x150.jpeg\" class=\"attachment-thumbnail size-thumbnail\" alt=\"\" \/><\/a>\n\t\t\t<\/div><\/figure><figure class='gallery-item'>\n\t\t\t<div class='gallery-icon landscape'>\n\t\t\t\t<a href='https:\/\/crc.org.ar\/w\/wp-content\/uploads\/2019\/05\/regional9.jpeg'><img loading=\"lazy\" decoding=\"async\" width=\"150\" height=\"150\" src=\"https:\/\/crc.org.ar\/w\/wp-content\/uploads\/2019\/05\/regional9-150x150.jpeg\" class=\"attachment-thumbnail size-thumbnail\" alt=\"\" \/><\/a>\n\t\t\t<\/div><\/figure>\n\t\t<\/div>\n\n","protected":false},"excerpt":{"rendered":"<p>(Domingo 12 de mayo de 2019). El equipo del Club de Regatas Corrientes se qued\u00f3 con la primera etapa de la XI edici\u00f3n del Circuito Regional NEA de Nataci\u00f3n, organizado con marcado \u00e9xito por la subcomisi\u00f3n de nataci\u00f3n regatense. La segunda fecha se llevar\u00e1 a cabo el 22 de junio pr\u00f3ximo. El equipo de nataci\u00f3n &hellip;<\/p>\n","protected":false},"author":1,"featured_media":19034,"comment_status":"closed","ping_status":"closed","sticky":false,"template":"","format":"standard","meta":{"footnotes":""},"categories":[81,156],"tags":[],"_links":{"self":[{"href":"https:\/\/crc.org.ar\/w\/wp-json\/wp\/v2\/posts\/19025"}],"collection":[{"href":"https:\/\/crc.org.ar\/w\/wp-json\/wp\/v2\/posts"}],"about":[{"href":"https:\/\/crc.org.ar\/w\/wp-json\/wp\/v2\/types\/post"}],"author":[{"embeddable":true,"href":"https:\/\/crc.org.ar\/w\/wp-json\/wp\/v2\/users\/1"}],"replies":[{"embeddable":true,"href":"https:\/\/crc.org.ar\/w\/wp-json\/wp\/v2\/comments?post=19025"}],"version-history":[{"count":1,"href":"https:\/\/crc.org.ar\/w\/wp-json\/wp\/v2\/posts\/19025\/revisions"}],"predecessor-version":[{"id":19038,"href":"https:\/\/crc.org.ar\/w\/wp-json\/wp\/v2\/posts\/19025\/revisions\/19038"}],"wp:featuredmedia":[{"embeddable":true,"href":"https:\/\/crc.org.ar\/w\/wp-json\/wp\/v2\/media\/19034"}],"wp:attachment":[{"href":"https:\/\/crc.org.ar\/w\/wp-json\/wp\/v2\/media?parent=19025"}],"wp:term":[{"taxonomy":"category","embeddable":true,"href":"https:\/\/crc.org.ar\/w\/wp-json\/wp\/v2\/categories?post=19025"},{"taxonomy":"post_tag","embeddable":true,"href":"https:\/\/crc.org.ar\/w\/wp-json\/wp\/v2\/tags?post=19025"}],"curies":[{"name":"wp","href":"https:\/\/api.w.org\/{rel}","templated":true}]}}