{"id":19075,"date":"2019-05-13T10:51:47","date_gmt":"2019-05-13T13:51:47","guid":{"rendered":"https:\/\/crc.org.ar\/w\/?p=19075"},"modified":"2019-05-13T15:39:10","modified_gmt":"2019-05-13T18:39:10","slug":"vera-tras-concentracion-en-tigre-viajo-a-italia","status":"publish","type":"post","link":"https:\/\/crc.org.ar\/w\/vera-tras-concentracion-en-tigre-viajo-a-italia\/","title":{"rendered":"Vera, tras concentraci\u00f3n en Tigre, viaj\u00f3 a Italia"},"content":{"rendered":"<p>(Lunes 13 de mayo 2019). El remero del Club de Regatas Corrientes, <strong>Alejandro Vera<\/strong>, viaj\u00f3 este lunes a Italia, en donde participar\u00e1, el 18 y 19 de mayo, en la XIII edici\u00f3n de la Regata Internacional para remo de Gavirate.<!--more--><\/p>\n<p><a href=\"https:\/\/crc.org.ar\/w\/wp-content\/uploads\/2019\/05\/vera-en-nordelta.jpg\"><img loading=\"lazy\" decoding=\"async\" class=\"alignright size-medium wp-image-19076\" src=\"https:\/\/crc.org.ar\/w\/wp-content\/uploads\/2019\/05\/vera-en-nordelta-300x189.jpg\" alt=\"\" width=\"300\" height=\"189\" srcset=\"https:\/\/crc.org.ar\/w\/wp-content\/uploads\/2019\/05\/vera-en-nordelta-300x189.jpg 300w, https:\/\/crc.org.ar\/w\/wp-content\/uploads\/2019\/05\/vera-en-nordelta.jpg 640w\" sizes=\"(max-width: 300px) 100vw, 300px\" \/><\/a>Tras una concentraci\u00f3n en Tigre, <strong>Alejandro Vera<\/strong>, viaj\u00f3 este lunes a Italia, para participar de la prestigiosa Regata Internacional de para remo de Gavirate; una de las citas m\u00e1s importantes del calendario FISA (Federaci\u00f3n Internacional de Sociedades de Remo).<\/p>\n<p>La competencia se llevar\u00e1 a cabo en el centro de remo Gavirate en el lago de Varese, con ocho andariveles de 2000 metros; y ser\u00e1 organizado por la Comisi\u00f3n de Regatas del Canottieri Gavirate, y ser\u00e1 fiscalizado por la Federazione Italiana Canottaggio.<\/p>\n<p><strong>Alejandro Vera<\/strong> estuvo, el pasado fin de semana, concentrado en Tigre, m\u00e1s precisamente en el Nordelta, en donde realiz\u00f3 la puesta a punto, con tiradas de 2.000 metros con singlistas convencionales.<\/p>\n<p>En la oportunidad Vera recibi\u00f3 la indumentaria deportiva de la Selecci\u00f3n Nacional, y muy orgullo dijo \u201ccuando el entrenador te llama y te entrega el body de la Selecci\u00f3n, es un momento muy especial, te llena de emoci\u00f3n\u201d.<\/p>\n<p>\u201cLa verdad no importa si el apoyo no fue suficiente o nunca lleg\u00f3, mi mente s\u00f3lo est\u00e1 enfocada en llevar a mi pa\u00eds, Argentina a lo m\u00e1s alto\u201d, a\u00f1adi\u00f3 el remero del Club de Regatas Corrientes.<\/p>\n<p>Adem\u00e1s dijo \u201cquiero agradecer muy especialmente a la Rectora y Secretar\u00eda General de Asuntos sociales de la UNNE, a la Municipalidad de la Ciudad de Corrientes, a Servicios Profesionales Veterinarios, y a mi querido Club que hacen posible este viaje\u201d.<\/p>\n","protected":false},"excerpt":{"rendered":"<p>(Lunes 13 de mayo 2019). El remero del Club de Regatas Corrientes, Alejandro Vera, viaj\u00f3 este lunes a Italia, en donde participar\u00e1, el 18 y 19 de mayo, en la XIII edici\u00f3n de la Regata Internacional para remo de Gavirate. Tras una concentraci\u00f3n en Tigre, Alejandro Vera, viaj\u00f3 este lunes a Italia, para participar de &hellip;<\/p>\n","protected":false},"author":1,"featured_media":19077,"comment_status":"closed","ping_status":"closed","sticky":false,"template":"","format":"standard","meta":{"footnotes":""},"categories":[156,18],"tags":[],"_links":{"self":[{"href":"https:\/\/crc.org.ar\/w\/wp-json\/wp\/v2\/posts\/19075"}],"collection":[{"href":"https:\/\/crc.org.ar\/w\/wp-json\/wp\/v2\/posts"}],"about":[{"href":"https:\/\/crc.org.ar\/w\/wp-json\/wp\/v2\/types\/post"}],"author":[{"embeddable":true,"href":"https:\/\/crc.org.ar\/w\/wp-json\/wp\/v2\/users\/1"}],"replies":[{"embeddable":true,"href":"https:\/\/crc.org.ar\/w\/wp-json\/wp\/v2\/comments?post=19075"}],"version-history":[{"count":1,"href":"https:\/\/crc.org.ar\/w\/wp-json\/wp\/v2\/posts\/19075\/revisions"}],"predecessor-version":[{"id":19078,"href":"https:\/\/crc.org.ar\/w\/wp-json\/wp\/v2\/posts\/19075\/revisions\/19078"}],"wp:featuredmedia":[{"embeddable":true,"href":"https:\/\/crc.org.ar\/w\/wp-json\/wp\/v2\/media\/19077"}],"wp:attachment":[{"href":"https:\/\/crc.org.ar\/w\/wp-json\/wp\/v2\/media?parent=19075"}],"wp:term":[{"taxonomy":"category","embeddable":true,"href":"https:\/\/crc.org.ar\/w\/wp-json\/wp\/v2\/categories?post=19075"},{"taxonomy":"post_tag","embeddable":true,"href":"https:\/\/crc.org.ar\/w\/wp-json\/wp\/v2\/tags?post=19075"}],"curies":[{"name":"wp","href":"https:\/\/api.w.org\/{rel}","templated":true}]}}