{"id":19097,"date":"2019-05-15T13:02:37","date_gmt":"2019-05-15T16:02:37","guid":{"rendered":"https:\/\/crc.org.ar\/w\/?p=19097"},"modified":"2019-05-16T07:13:42","modified_gmt":"2019-05-16T10:13:42","slug":"alejandro-vera-entrena-en-el-lago-varese-de-cara-la-regata-internacional-gavirate","status":"publish","type":"post","link":"https:\/\/crc.org.ar\/w\/alejandro-vera-entrena-en-el-lago-varese-de-cara-la-regata-internacional-gavirate\/","title":{"rendered":"Alejandro Vera entrena en el lago Varese de cara la Regata Internacional Gavirate"},"content":{"rendered":"<p>(Mi\u00e9rcoles 15 de mayo 2019). El remero del Club de Regatas Corrientes, <strong>Alejandro Vera<\/strong>, ya se encuentra en Varese, Italia, en donde desde este viernes competir\u00e1 en la XIII edici\u00f3n de la Regata Internacional para remo de Gavirate.<!--more--><\/p>\n<p><strong><a href=\"https:\/\/crc.org.ar\/w\/wp-content\/uploads\/2019\/05\/Ale-Vera1.jpg\"><img loading=\"lazy\" decoding=\"async\" class=\"size-medium wp-image-19098 alignleft\" src=\"https:\/\/crc.org.ar\/w\/wp-content\/uploads\/2019\/05\/Ale-Vera1-300x169.jpg\" alt=\"\" width=\"300\" height=\"169\" srcset=\"https:\/\/crc.org.ar\/w\/wp-content\/uploads\/2019\/05\/Ale-Vera1-300x169.jpg 300w, https:\/\/crc.org.ar\/w\/wp-content\/uploads\/2019\/05\/Ale-Vera1.jpg 640w\" sizes=\"(max-width: 300px) 100vw, 300px\" \/><\/a>Alejandro Vera<\/strong>, lleg\u00f3 el martes a Varese para competir de la prestigiosa Regata Internacional de para remo de Gavirate; una de las citas m\u00e1s importantes del calendario FISA (Federaci\u00f3n Internacional de Sociedades de Remo).<\/p>\n<p>La competencia se llevar\u00e1 a cabo en el centro de remo Gavirate en el lago de Varese, con ocho andariveles de 2000 metros; y ser\u00e1 organizado por la Comisi\u00f3n de Regatas del Canottieri Gavirate, y ser\u00e1 fiscalizado por la Federazione Italiana Canottaggio.<\/p>\n<p>Vera competir\u00e1 en la categor\u00eda PR1 M1X, sobre una distancia de 2000 metros, en donde estar\u00e1n representados diecis\u00e9is (16) pa\u00edses, con veinti\u00fan (21) embarcaciones; la m\u00e1s numerosa la local, con tres (3).<\/p>\n<p>Italia tendr\u00e1 tres embarcaciones, en tanto Gran Breta\u00f1a dos, al igual que Polonia y Uganda. El resto de los pa\u00edses presentar\u00e1 una embarcaci\u00f3n, como Argentina, Australia, B\u00e9lgica, Francia,\u00a0 y Alemania.<\/p>\n<p>Adem\u00e1s de Jap\u00f3n, Kenia, Libano, Paraguay, Suiza, T\u00fanez y Ucrania, lo que deja sentado claramente que ser\u00e1 una competencia extremadamente dif\u00edcil, por lo que el hit de eliminatorias se llevar\u00e1 a cabo el viernes.<\/p>\n<p>Recordemos que<strong> Vera<\/strong> previamente estuvo, el pasado fin de semana, concentrado en Tigre, m\u00e1s precisamente en el Nordelta, en donde realiz\u00f3 la puesta a punto, con tiradas de 2.000 metros con singlistas convencionales.<\/p>\n<p>Desde Varese, Vera dijo que \u201cquiero agradecer muy especialmente a la Rectora y Secretar\u00eda General de Asuntos sociales de la UNNE, a la Municipalidad de la Ciudad de Corrientes, a Servicios Profesionales Veterinarios, y a mi querido Club que hacen posible este viaje\u201d.<\/p>\n","protected":false},"excerpt":{"rendered":"<p>(Mi\u00e9rcoles 15 de mayo 2019). El remero del Club de Regatas Corrientes, Alejandro Vera, ya se encuentra en Varese, Italia, en donde desde este viernes competir\u00e1 en la XIII edici\u00f3n de la Regata Internacional para remo de Gavirate. Alejandro Vera, lleg\u00f3 el martes a Varese para competir de la prestigiosa Regata Internacional de para remo &hellip;<\/p>\n","protected":false},"author":1,"featured_media":19099,"comment_status":"closed","ping_status":"closed","sticky":false,"template":"","format":"standard","meta":{"footnotes":""},"categories":[156,18],"tags":[],"_links":{"self":[{"href":"https:\/\/crc.org.ar\/w\/wp-json\/wp\/v2\/posts\/19097"}],"collection":[{"href":"https:\/\/crc.org.ar\/w\/wp-json\/wp\/v2\/posts"}],"about":[{"href":"https:\/\/crc.org.ar\/w\/wp-json\/wp\/v2\/types\/post"}],"author":[{"embeddable":true,"href":"https:\/\/crc.org.ar\/w\/wp-json\/wp\/v2\/users\/1"}],"replies":[{"embeddable":true,"href":"https:\/\/crc.org.ar\/w\/wp-json\/wp\/v2\/comments?post=19097"}],"version-history":[{"count":2,"href":"https:\/\/crc.org.ar\/w\/wp-json\/wp\/v2\/posts\/19097\/revisions"}],"predecessor-version":[{"id":19142,"href":"https:\/\/crc.org.ar\/w\/wp-json\/wp\/v2\/posts\/19097\/revisions\/19142"}],"wp:featuredmedia":[{"embeddable":true,"href":"https:\/\/crc.org.ar\/w\/wp-json\/wp\/v2\/media\/19099"}],"wp:attachment":[{"href":"https:\/\/crc.org.ar\/w\/wp-json\/wp\/v2\/media?parent=19097"}],"wp:term":[{"taxonomy":"category","embeddable":true,"href":"https:\/\/crc.org.ar\/w\/wp-json\/wp\/v2\/categories?post=19097"},{"taxonomy":"post_tag","embeddable":true,"href":"https:\/\/crc.org.ar\/w\/wp-json\/wp\/v2\/tags?post=19097"}],"curies":[{"name":"wp","href":"https:\/\/api.w.org\/{rel}","templated":true}]}}