{"id":19158,"date":"2019-05-16T13:09:07","date_gmt":"2019-05-16T16:09:07","guid":{"rendered":"https:\/\/crc.org.ar\/w\/?p=19158"},"modified":"2019-05-16T13:09:07","modified_gmt":"2019-05-16T16:09:07","slug":"vera-comienza-competir-en-la-regata-internacional-gavirate","status":"publish","type":"post","link":"https:\/\/crc.org.ar\/w\/vera-comienza-competir-en-la-regata-internacional-gavirate\/","title":{"rendered":"Vera comienza competir en la Regata Internacional Gavirate"},"content":{"rendered":"<p>(Jueves 16 de mayo 2019). El remero del Club de Regatas Corrientes, <strong>Alejandro Vera<\/strong>, tendr\u00e1 este viernes su hit clasificatorio en la XIII edici\u00f3n de la Regata Internacional para remo de Gavirate, en Varese (Italia).<!--more--><\/p>\n<p><a href=\"https:\/\/crc.org.ar\/w\/wp-content\/uploads\/2019\/05\/Ale-Vera.jpeg\"><img loading=\"lazy\" decoding=\"async\" class=\"size-medium wp-image-19159 alignleft\" src=\"https:\/\/crc.org.ar\/w\/wp-content\/uploads\/2019\/05\/Ale-Vera-300x225.jpeg\" alt=\"\" width=\"300\" height=\"225\" srcset=\"https:\/\/crc.org.ar\/w\/wp-content\/uploads\/2019\/05\/Ale-Vera-300x225.jpeg 300w, https:\/\/crc.org.ar\/w\/wp-content\/uploads\/2019\/05\/Ale-Vera.jpeg 640w\" sizes=\"(max-width: 300px) 100vw, 300px\" \/><\/a>Ya en primavera, pero bastante fr\u00edo, <strong>Alejandro Vera<\/strong>, esta listo para comenzar a construir su sue\u00f1o de llegar a los Juegos Paral\u00edmpicos Tokio 2020. Y para ello la prestigiosa Regata Internacional de para remo de Gavirate era una cita obligada.<\/p>\n<p>A las 15.40 hora local (10.40 hora de la Argentina), el remero del Club de Regatas Corrientes competir\u00e1 en su hit clasificatorio, en el centro de remo Gavirate en el lago de Varese, con ocho andariveles de 2000 metros.<\/p>\n<p>Vera competir\u00e1 en la categor\u00eda PR1 M1X, sobre una distancia de 2000 metros, en donde estar\u00e1n representados diecis\u00e9is (16) pa\u00edses, con veinti\u00fan (21) embarcaciones; la m\u00e1s numerosa la local, con tres (3).<\/p>\n<p>Italia tendr\u00e1 tres embarcaciones, en tanto Gran Breta\u00f1a dos, al igual que Polonia y Uganda. El resto de los pa\u00edses presentar\u00e1 una embarcaci\u00f3n, como Argentina, Australia, B\u00e9lgica, Francia,\u00a0 y Alemania.<\/p>\n<p>Adem\u00e1s de Jap\u00f3n, Kenia, Rep\u00fablica del L\u00edbano, Paraguay, Suiza, T\u00fanez y Ucrania, lo que deja de manifiesto claramente que ser\u00e1 una competencia extremadamente dif\u00edcil, pero eso es lo que Vera fue a buscar: competencia con los mejores.<\/p>\n<p>Desde Varese, Vera dijo que \u201cquiero agradecer muy especialmente a la Rectora y Secretar\u00eda General de Asuntos sociales de la UNNE, a la Municipalidad de la Ciudad de Corrientes, a Servicios Profesionales Veterinarios, y a mi querido Club que hacen posible este viaje\u201d.<\/p>\n","protected":false},"excerpt":{"rendered":"<p>(Jueves 16 de mayo 2019). El remero del Club de Regatas Corrientes, Alejandro Vera, tendr\u00e1 este viernes su hit clasificatorio en la XIII edici\u00f3n de la Regata Internacional para remo de Gavirate, en Varese (Italia). Ya en primavera, pero bastante fr\u00edo, Alejandro Vera, esta listo para comenzar a construir su sue\u00f1o de llegar a los &hellip;<\/p>\n","protected":false},"author":1,"featured_media":19160,"comment_status":"closed","ping_status":"closed","sticky":false,"template":"","format":"standard","meta":{"footnotes":""},"categories":[156,18],"tags":[],"_links":{"self":[{"href":"https:\/\/crc.org.ar\/w\/wp-json\/wp\/v2\/posts\/19158"}],"collection":[{"href":"https:\/\/crc.org.ar\/w\/wp-json\/wp\/v2\/posts"}],"about":[{"href":"https:\/\/crc.org.ar\/w\/wp-json\/wp\/v2\/types\/post"}],"author":[{"embeddable":true,"href":"https:\/\/crc.org.ar\/w\/wp-json\/wp\/v2\/users\/1"}],"replies":[{"embeddable":true,"href":"https:\/\/crc.org.ar\/w\/wp-json\/wp\/v2\/comments?post=19158"}],"version-history":[{"count":1,"href":"https:\/\/crc.org.ar\/w\/wp-json\/wp\/v2\/posts\/19158\/revisions"}],"predecessor-version":[{"id":19161,"href":"https:\/\/crc.org.ar\/w\/wp-json\/wp\/v2\/posts\/19158\/revisions\/19161"}],"wp:featuredmedia":[{"embeddable":true,"href":"https:\/\/crc.org.ar\/w\/wp-json\/wp\/v2\/media\/19160"}],"wp:attachment":[{"href":"https:\/\/crc.org.ar\/w\/wp-json\/wp\/v2\/media?parent=19158"}],"wp:term":[{"taxonomy":"category","embeddable":true,"href":"https:\/\/crc.org.ar\/w\/wp-json\/wp\/v2\/categories?post=19158"},{"taxonomy":"post_tag","embeddable":true,"href":"https:\/\/crc.org.ar\/w\/wp-json\/wp\/v2\/tags?post=19158"}],"curies":[{"name":"wp","href":"https:\/\/api.w.org\/{rel}","templated":true}]}}