{"id":19188,"date":"2019-05-17T18:31:21","date_gmt":"2019-05-17T21:31:21","guid":{"rendered":"https:\/\/crc.org.ar\/w\/?p=19188"},"modified":"2019-05-20T09:21:50","modified_gmt":"2019-05-20T12:21:50","slug":"alejandro-vera-se-metio-en-la-final-a-de-la-regata-internacional-gavirate","status":"publish","type":"post","link":"https:\/\/crc.org.ar\/w\/alejandro-vera-se-metio-en-la-final-a-de-la-regata-internacional-gavirate\/","title":{"rendered":"Alejandro Vera se meti\u00f3 en la Final A de la Regata Internacional Gavirate"},"content":{"rendered":"<p>(Viernes 17 de mayo 2019). El remero del Club de Regatas Corrientes, <strong>Alejandro Vera<\/strong>, en un hecho sin precedentes se meti\u00f3 en la Final \u201cA\u201d en la XIII edici\u00f3n de la Regata Internacional para remo de Gavirate, en Varese (Italia). Este s\u00e1bado ser\u00e1 la definici\u00f3n.<\/p>\n<p><!--more--><\/p>\n<p><img loading=\"lazy\" decoding=\"async\" class=\"alignleft size-medium wp-image-19189\" src=\"https:\/\/crc.org.ar\/w\/wp-content\/uploads\/2019\/05\/Alejandro-Magno-Vera-300x300.jpg\" alt=\"\" width=\"300\" height=\"300\" srcset=\"https:\/\/crc.org.ar\/w\/wp-content\/uploads\/2019\/05\/Alejandro-Magno-Vera-300x300.jpg 300w, https:\/\/crc.org.ar\/w\/wp-content\/uploads\/2019\/05\/Alejandro-Magno-Vera-150x150.jpg 150w, https:\/\/crc.org.ar\/w\/wp-content\/uploads\/2019\/05\/Alejandro-Magno-Vera.jpg 600w\" sizes=\"(max-width: 300px) 100vw, 300px\" \/>Con un tiempo de 12 minutos, 57 segundos y 50 cent\u00e9simas, el remero del Club de Regatas Corrientes, <strong>Alejandro Vera<\/strong>, se meti\u00f3 en la final \u201cA\u201d de la prestigiosa Regata Internacional de para remo de Gavirate, en Varese (Italia).<\/p>\n<p>Vera termin\u00f3 segundo en el hit clasificatorio 1, sobre una distancia de 2000 metros en el centro de remo Gavirate en el lago de Varese, detr\u00e1s de <strong>Toussaint Louis<\/strong> (B\u00e9lgica), que cronometr\u00f3 un tiempo de 12 minutos, 23 segundos y 80 cent\u00e9simas.<\/p>\n<p>El mejor tiempo clasificatorio lleg\u00f3 en el hit 2, en donde <strong>Julien Hardi<\/strong> (Francia) clav\u00f3 un tiempo de 10 minutos, 18 segundos y 70 cent\u00e9simas; dejando atr\u00e1s a <strong>Andy Houghton<\/strong> (Gran Breta\u00f1a) con un registro de 12 minutos, 43 segundos y 60 cent\u00e9simas.<\/p>\n<p>Mientras el segundo mejor registro de las eliminatorias fue en el hit 3, de la mano de <strong>Romana Polianskyi<\/strong> (Ucrania) con un tiempo de 10 minutos, 49 segundos y 50 cent\u00e9simas; seguido de <strong>Ben Pritchard<\/strong> (Gran Breta\u00f1a) con 11 minutos, 12 segundos y 30 cent\u00e9simas.<\/p>\n<p>En tanto que tambi\u00e9n clasificaron para la Final \u201cA\u201d, en el hit 4, <strong>Erik Horrie<\/strong> (Australia) con un tiempo de 11 minutos, 05 segundos y 80 cent\u00e9simas; y <strong>Kailing Jaroslaw<\/strong> (Polonia) con un registro de 12 minutos, 32 segundos y 30 cent\u00e9simas.<\/p>\n<p>De las eliminatorias participaron veintitr\u00e9s (23) embarcaciones de todo el Mundo, quedando los ochos mejores tiempos restantes para la Final \u201cB\u201d, y los siguientes para la Final \u201cC\u201d; todo a desarrollarse este s\u00e1bado en Varese<\/p>\n<p>\u201cUn paso m\u00e1s, un pelda\u00f1o m\u00e1s. Todo gracias al esfuerzo y sacrificio que vengo realizando, nadie te regala nada, y que da sus frutos. Hoy llegue a la Final \u201cA\u201d, content\u00edsimo, superando lo hecho en 2018 en donde me met\u00ed en la Final \u201cB\u201d, dijo efusivo desde Italia Vera.<\/p>\n<p><strong>UN POCO DE<br \/>\n<\/strong><strong>HISTORIA<br \/>\n<\/strong>Es que en 2018, el remero del Club de Regatas Corrientes, con un registro de 13 minutos, 11 segundos, y 70 cent\u00e9simas, qued\u00f3 cuarto en su serie eliminatoria para acceder a la Final \u201cB\u201d de la tradicional competencia.<\/p>\n<p>Y en la Final \u201cB\u201d, mejorando ostensiblemente su tiempo (11 minutos, 8 segundos y 5 cent\u00e9simas), qued\u00f3 en la cuarta ubicaci\u00f3n; de decir decimosegundo entre los mejores para remeros del mundo.<\/p>\n<p>Este s\u00e1bado, <strong>\u201cAle\u201d Vera<\/strong> espera mejorar su tiempo y porque no pelear el tercer escal\u00f3n del podio; pero sabe tambi\u00e9n que la vara esta muy alta, y la Final \u201cA\u201d de 8 andariveles, en la categor\u00eda PR1 M1X, no ser\u00e1 para nada sencilla. Pero ganas y sue\u00f1os le sobran.<\/p>\n<p>Y en este sentido es bueno se\u00f1alar que Vera, viene de cronometrar en el Mundial de remo adaptado en Plovdiv 2018 (Bulgaria), un tiempo de 10 minutos, 35 segundos y 46 cent\u00e9simas, para quedar segundo en la Final \u201cC\u201d; y en el Campeonato Argentino 9 minutos y 47 segundos, para la consagraci\u00f3n.<\/p>\n<p>\u201cVoy mejorando poco a poco, paso a paso. Lo del Tigre, en el Campeonato Argentino, va a ser dif\u00edcil de superar ya que fui favorecido porque hubo mucho viento. Pero me tengo mucha fe, me sobra fe\u201d, dijo para finalizar <strong>Alejandro Magno Vera.<\/strong><\/p>\n<p>&nbsp;<\/p>\n","protected":false},"excerpt":{"rendered":"<p>(Viernes 17 de mayo 2019). El remero del Club de Regatas Corrientes, Alejandro Vera, en un hecho sin precedentes se meti\u00f3 en la Final \u201cA\u201d en la XIII edici\u00f3n de la Regata Internacional para remo de Gavirate, en Varese (Italia). Este s\u00e1bado ser\u00e1 la definici\u00f3n. Con un tiempo de 12 minutos, 57 segundos y 50 &hellip;<\/p>\n","protected":false},"author":1,"featured_media":19189,"comment_status":"closed","ping_status":"closed","sticky":false,"template":"","format":"standard","meta":{"footnotes":""},"categories":[18],"tags":[],"_links":{"self":[{"href":"https:\/\/crc.org.ar\/w\/wp-json\/wp\/v2\/posts\/19188"}],"collection":[{"href":"https:\/\/crc.org.ar\/w\/wp-json\/wp\/v2\/posts"}],"about":[{"href":"https:\/\/crc.org.ar\/w\/wp-json\/wp\/v2\/types\/post"}],"author":[{"embeddable":true,"href":"https:\/\/crc.org.ar\/w\/wp-json\/wp\/v2\/users\/1"}],"replies":[{"embeddable":true,"href":"https:\/\/crc.org.ar\/w\/wp-json\/wp\/v2\/comments?post=19188"}],"version-history":[{"count":1,"href":"https:\/\/crc.org.ar\/w\/wp-json\/wp\/v2\/posts\/19188\/revisions"}],"predecessor-version":[{"id":19190,"href":"https:\/\/crc.org.ar\/w\/wp-json\/wp\/v2\/posts\/19188\/revisions\/19190"}],"wp:featuredmedia":[{"embeddable":true,"href":"https:\/\/crc.org.ar\/w\/wp-json\/wp\/v2\/media\/19189"}],"wp:attachment":[{"href":"https:\/\/crc.org.ar\/w\/wp-json\/wp\/v2\/media?parent=19188"}],"wp:term":[{"taxonomy":"category","embeddable":true,"href":"https:\/\/crc.org.ar\/w\/wp-json\/wp\/v2\/categories?post=19188"},{"taxonomy":"post_tag","embeddable":true,"href":"https:\/\/crc.org.ar\/w\/wp-json\/wp\/v2\/tags?post=19188"}],"curies":[{"name":"wp","href":"https:\/\/api.w.org\/{rel}","templated":true}]}}