{"id":19223,"date":"2019-05-18T13:39:11","date_gmt":"2019-05-18T16:39:11","guid":{"rendered":"https:\/\/crc.org.ar\/w\/?p=19223"},"modified":"2019-05-19T18:58:24","modified_gmt":"2019-05-19T21:58:24","slug":"alejandro-vera-octavo-entre-los-mejores-del-mundo","status":"publish","type":"post","link":"https:\/\/crc.org.ar\/w\/alejandro-vera-octavo-entre-los-mejores-del-mundo\/","title":{"rendered":"Alejandro Vera octavo entre los mejores del mundo"},"content":{"rendered":"<p>(S\u00e1bado 18 de mayo 2019). El remero del Club de Regatas Corrientes, <strong>Alejandro Vera<\/strong>, termin\u00f3 octavo en la Final \u201cA\u201d en la XIII edici\u00f3n de la Regata Internacional para remo de Gavirate, en Varese (Italia).<!--more--><\/p>\n<p><a href=\"https:\/\/crc.org.ar\/w\/wp-content\/uploads\/2019\/05\/Ale-Vera-1.jpg\"><img loading=\"lazy\" decoding=\"async\" class=\"size-medium wp-image-19224 alignleft\" src=\"https:\/\/crc.org.ar\/w\/wp-content\/uploads\/2019\/05\/Ale-Vera-1-300x188.jpg\" alt=\"\" width=\"300\" height=\"188\" srcset=\"https:\/\/crc.org.ar\/w\/wp-content\/uploads\/2019\/05\/Ale-Vera-1-300x188.jpg 300w, https:\/\/crc.org.ar\/w\/wp-content\/uploads\/2019\/05\/Ale-Vera-1.jpg 640w\" sizes=\"(max-width: 300px) 100vw, 300px\" \/><\/a>Con un registro de 10 minutos, 57 segundos y 01 cent\u00e9simas, el remero del Club de Regatas Corrientes, <strong>Alejandro Vera<\/strong>, termin\u00f3 octavo en la final \u201cA\u201d de la Regata Internacional de para remo de Gavirate, en Varese (Italia).<\/p>\n<p>Vera mejor\u00f3 su tiempo de clasificaci\u00f3n, 12 minutos, 57 segundos y 50 cent\u00e9simas, donde qued\u00f3 segundo en el hit 1, sobre una distancia de 2000 metros en el centro de remo Gavirate en el lago de Varese.<\/p>\n<p>La final fue ganada por <strong>Rom\u00e1n Polianskyi<\/strong> (Ucrania) con un tiempo de 9\u201931\u201d05\/100. En tanto el podio de complet\u00f3 con <strong>Erik Horrie<\/strong> (Australia) con un registro de 9\u201952\u201d03\/100, y <strong>Ben Pritchard<\/strong> (Gran Breta\u00f1a) 10\u201912\u201d06\/100.<\/p>\n<p>El formidable remero del Club de Regatas Corrientes estuvo en la lucha, palo a palo con los mejores, inclusive estuvo muy cerca de subir algunos pelda\u00f1os en la clasificaci\u00f3n final, quedando octavo s\u00f3lo por segundos.<\/p>\n<p>En este sentido cabe se\u00f1alar que el s\u00e9ptimo fue <strong>Kailing Jaroslaw<\/strong> (Polonia), que marc\u00f3 un tiempo de 10\u201947\u201d06\/100; y el sexto <strong>Toussaint Louis<\/strong> (B\u00e9lgica) cronometr\u00f3 un tiempo de 10\u201944\u201d09\/100.<\/p>\n<p>Ah\u00ed estuvo Vera con los mejores, con el objetivo entre ceja y ceja, el Selectivo para los Juegos Paral\u00edmpicos, Tokio 2020. \u201cHoy disput\u00e9 la Regata que tanto esperaba, en la final &#8220;A&#8221; contra los mejores del mundo, de a poco me voy metiendo\u201d, dijo Vera en sus redes sociales.<\/p>\n<p>Cerrando los tiempos de la final, cuarto termin\u00f3 <strong>Ben Pritchard<\/strong> (Gran Breta\u00f1a) con un tiempo de 10\u201915\u201d05\/100, y quinto <strong>Julien Hardi<\/strong> (Francia), que hab\u00eda logrado el mejor tiempo clasificatorio, con un registro de 10\u201919\u201d00\/100.<\/p>\n","protected":false},"excerpt":{"rendered":"<p>(S\u00e1bado 18 de mayo 2019). El remero del Club de Regatas Corrientes, Alejandro Vera, termin\u00f3 octavo en la Final \u201cA\u201d en la XIII edici\u00f3n de la Regata Internacional para remo de Gavirate, en Varese (Italia). Con un registro de 10 minutos, 57 segundos y 01 cent\u00e9simas, el remero del Club de Regatas Corrientes, Alejandro Vera, &hellip;<\/p>\n","protected":false},"author":1,"featured_media":19225,"comment_status":"closed","ping_status":"closed","sticky":false,"template":"","format":"standard","meta":{"footnotes":""},"categories":[18],"tags":[],"_links":{"self":[{"href":"https:\/\/crc.org.ar\/w\/wp-json\/wp\/v2\/posts\/19223"}],"collection":[{"href":"https:\/\/crc.org.ar\/w\/wp-json\/wp\/v2\/posts"}],"about":[{"href":"https:\/\/crc.org.ar\/w\/wp-json\/wp\/v2\/types\/post"}],"author":[{"embeddable":true,"href":"https:\/\/crc.org.ar\/w\/wp-json\/wp\/v2\/users\/1"}],"replies":[{"embeddable":true,"href":"https:\/\/crc.org.ar\/w\/wp-json\/wp\/v2\/comments?post=19223"}],"version-history":[{"count":1,"href":"https:\/\/crc.org.ar\/w\/wp-json\/wp\/v2\/posts\/19223\/revisions"}],"predecessor-version":[{"id":19226,"href":"https:\/\/crc.org.ar\/w\/wp-json\/wp\/v2\/posts\/19223\/revisions\/19226"}],"wp:featuredmedia":[{"embeddable":true,"href":"https:\/\/crc.org.ar\/w\/wp-json\/wp\/v2\/media\/19225"}],"wp:attachment":[{"href":"https:\/\/crc.org.ar\/w\/wp-json\/wp\/v2\/media?parent=19223"}],"wp:term":[{"taxonomy":"category","embeddable":true,"href":"https:\/\/crc.org.ar\/w\/wp-json\/wp\/v2\/categories?post=19223"},{"taxonomy":"post_tag","embeddable":true,"href":"https:\/\/crc.org.ar\/w\/wp-json\/wp\/v2\/tags?post=19223"}],"curies":[{"name":"wp","href":"https:\/\/api.w.org\/{rel}","templated":true}]}}