{"id":19227,"date":"2019-05-19T18:51:51","date_gmt":"2019-05-19T21:51:51","guid":{"rendered":"https:\/\/crc.org.ar\/w\/?p=19227"},"modified":"2019-05-19T18:51:51","modified_gmt":"2019-05-19T21:51:51","slug":"alejandro-vera-gano-la-final-b-en-su-segunda-regata-internacional-de-para-remo-de-gavirate","status":"publish","type":"post","link":"https:\/\/crc.org.ar\/w\/alejandro-vera-gano-la-final-b-en-su-segunda-regata-internacional-de-para-remo-de-gavirate\/","title":{"rendered":"Alejandro Vera gan\u00f3 la Final &#8220;B&#8221; en su segunda Regata Internacional de para remo de Gavirate"},"content":{"rendered":"<p>(Domingo 19 de mayo 2019). El remero del Club de Regatas Corrientes, <strong>Alejandro Vera<\/strong>, gan\u00f3 este domingo la Final \u201cB\u201d en la XIII edici\u00f3n de la Regata Internacional para remo de Gavirate, en Varese (Italia), cerrando de manera sobresaliente su participaci\u00f3n en el Viejo Continente.<!--more--><\/p>\n<p><a href=\"https:\/\/crc.org.ar\/w\/wp-content\/uploads\/2019\/05\/Ale-Vera-2.jpg\"><img loading=\"lazy\" decoding=\"async\" class=\"size-medium wp-image-19228 alignleft\" src=\"https:\/\/crc.org.ar\/w\/wp-content\/uploads\/2019\/05\/Ale-Vera-2-300x225.jpg\" alt=\"\" width=\"300\" height=\"225\" srcset=\"https:\/\/crc.org.ar\/w\/wp-content\/uploads\/2019\/05\/Ale-Vera-2-300x225.jpg 300w, https:\/\/crc.org.ar\/w\/wp-content\/uploads\/2019\/05\/Ale-Vera-2.jpg 640w\" sizes=\"(max-width: 300px) 100vw, 300px\" \/><\/a>Este domingo, en Varese (Italia), lleg\u00f3 a su fin la XIII edici\u00f3n de la Regata Internacional para remo de Gavirate, con una nueva destacad\u00edsima actuaci\u00f3n del remero del Club de Regatas Corrientes, <strong>Alejandro Vera<\/strong>.<\/p>\n<p>En orden cronol\u00f3gico, tras clasificar a la Final &#8220;A&#8221; (el viernes) y quedar octavo en la regata del s\u00e1bado, con un tiempo de (10&#8217;57&#8243;01\/100), ese mismo d\u00eda, Vera corri\u00f3 el Hit Clasificatorio N\u00b0 3 para la segunda regata cuyas distintas finales se corr\u00edan este domingo.<\/p>\n<p>En la oportunidad, Vera qued\u00f3 tercero en su hit, con un muy buen tiempo de 10 minutos, 59 segundos y 00 cent\u00e9simas, muy cerca del alem\u00e1n <strong>Johannes Schmidt<\/strong> que cronometro un tiempo de 10&#8217;53&#8243;06\/100.<\/p>\n<p>Es importante se\u00f1alar que luego, este domingo en la Final &#8220;A&#8221;, el alem\u00e1n <strong>Johannes Schmidt<\/strong> se qued\u00f3 con la regata con un tiempo de 10 minutos, 35 segundos y 09 cent\u00e9simas; lo que dej\u00f3 en evidencia que Vera, sin lugar a dudas, est\u00e1 en la conversaci\u00f3n.<\/p>\n<p>De esta manera el formidable remero del Club de Regatas Corrientes se clasific\u00f3 para disputar la Final &#8220;B&#8221;, en donde el domingo demostr\u00f3 que est\u00e1 entre los mejores nueve (9) remeros del mundo, al ganar la regata.<\/p>\n<p>Vera utiliz\u00f3 un tiempo de\u00a0 11 minutos, 07 segundos y 05 cent\u00e9simas, en una excelente performance; y posterg\u00f3 a <strong>Takayuki Endo<\/strong> (Jap\u00f3n) 11 minutos, 12 segundos y 03 cent\u00e9simas, y a <strong>Zsolt Peto<\/strong> (Hungr\u00eda) 11 minutos, 19 segundos y 03 cent\u00e9simas.<\/p>\n<p>As\u00ed <strong>Alejandro Magno Vera<\/strong> cerr\u00f3 cuatro regatas de primer\u00edsimo nivel, lo que fue a buscar para codearse entre los mejores, logrando clasificar a una Final &#8220;A&#8221;, en donde termin\u00f3 octavo, y a una Final &#8220;B&#8221;, que la gan\u00f3.<\/p>\n<p>Pero lo m\u00e1s importante es que sus tiempos est\u00e1n a la altura de los mejores, sin lugar a dudas entre los mejores nueve (9) del Mundo, lo que alimenta su sue\u00f1o de llegar a Tokio 2020, en lo que ser\u00e1 un a\u00f1o de nuevas pruebas y desaf\u00edos para llegar de la mejor manera al Selectivo.<\/p>\n<p>Por este medio, Vera dijo que &#8220;gane la Final B. Muy contento por lo realizado y quedando entre los diez mejores del mundo. Quiero agradecer a los que me apoyaron para este evento. Y se viene el Mundial, pero lo mejor est\u00e1 cada vez m\u00e1s cerca Tokio 2020&#8221;<\/p>\n<p>\u201cQuiero agradecer especialmente a la Rectora y Secretar\u00eda General de Asuntos sociales de la UNNE, a la Municipalidad de la Ciudad de Corrientes, a Servicios Profesionales Veterinarios, y a mi querido Club\u201d, dijo Vera para finalizar.<\/p>\n","protected":false},"excerpt":{"rendered":"<p>(Domingo 19 de mayo 2019). El remero del Club de Regatas Corrientes, Alejandro Vera, gan\u00f3 este domingo la Final \u201cB\u201d en la XIII edici\u00f3n de la Regata Internacional para remo de Gavirate, en Varese (Italia), cerrando de manera sobresaliente su participaci\u00f3n en el Viejo Continente. Este domingo, en Varese (Italia), lleg\u00f3 a su fin la &hellip;<\/p>\n","protected":false},"author":1,"featured_media":19229,"comment_status":"closed","ping_status":"closed","sticky":false,"template":"","format":"standard","meta":{"footnotes":""},"categories":[156,18],"tags":[],"_links":{"self":[{"href":"https:\/\/crc.org.ar\/w\/wp-json\/wp\/v2\/posts\/19227"}],"collection":[{"href":"https:\/\/crc.org.ar\/w\/wp-json\/wp\/v2\/posts"}],"about":[{"href":"https:\/\/crc.org.ar\/w\/wp-json\/wp\/v2\/types\/post"}],"author":[{"embeddable":true,"href":"https:\/\/crc.org.ar\/w\/wp-json\/wp\/v2\/users\/1"}],"replies":[{"embeddable":true,"href":"https:\/\/crc.org.ar\/w\/wp-json\/wp\/v2\/comments?post=19227"}],"version-history":[{"count":1,"href":"https:\/\/crc.org.ar\/w\/wp-json\/wp\/v2\/posts\/19227\/revisions"}],"predecessor-version":[{"id":19230,"href":"https:\/\/crc.org.ar\/w\/wp-json\/wp\/v2\/posts\/19227\/revisions\/19230"}],"wp:featuredmedia":[{"embeddable":true,"href":"https:\/\/crc.org.ar\/w\/wp-json\/wp\/v2\/media\/19229"}],"wp:attachment":[{"href":"https:\/\/crc.org.ar\/w\/wp-json\/wp\/v2\/media?parent=19227"}],"wp:term":[{"taxonomy":"category","embeddable":true,"href":"https:\/\/crc.org.ar\/w\/wp-json\/wp\/v2\/categories?post=19227"},{"taxonomy":"post_tag","embeddable":true,"href":"https:\/\/crc.org.ar\/w\/wp-json\/wp\/v2\/tags?post=19227"}],"curies":[{"name":"wp","href":"https:\/\/api.w.org\/{rel}","templated":true}]}}