{"id":19316,"date":"2019-05-21T12:52:48","date_gmt":"2019-05-21T15:52:48","guid":{"rendered":"https:\/\/crc.org.ar\/w\/?p=19316"},"modified":"2019-05-21T12:52:48","modified_gmt":"2019-05-21T15:52:48","slug":"abierto-dia-de-la-patria-en-regatas","status":"publish","type":"post","link":"https:\/\/crc.org.ar\/w\/abierto-dia-de-la-patria-en-regatas\/","title":{"rendered":"Abierto \u201cD\u00eda de la Patria\u201d en Regatas"},"content":{"rendered":"<p>(Martes 21 de mayo de 2019). El pr\u00f3ximo domingo, a partir de las 9.30 hs., en el SUM del Club de Regatas Corrientes, se llevar\u00e1 a cabo el Torneo Abierto \u201cD\u00eda de la Patria\u201d de tenis mesa. Se encuentra abierta la inscripci\u00f3n.<!--more--><\/p>\n<p><a href=\"https:\/\/crc.org.ar\/w\/wp-content\/uploads\/2019\/05\/flia-nu\u00f1ez.jpeg\"><img loading=\"lazy\" decoding=\"async\" class=\"size-medium wp-image-19317 alignleft\" src=\"https:\/\/crc.org.ar\/w\/wp-content\/uploads\/2019\/05\/flia-nu\u00f1ez-300x217.jpeg\" alt=\"\" width=\"300\" height=\"217\" srcset=\"https:\/\/crc.org.ar\/w\/wp-content\/uploads\/2019\/05\/flia-nu\u00f1ez-300x217.jpeg 300w, https:\/\/crc.org.ar\/w\/wp-content\/uploads\/2019\/05\/flia-nu\u00f1ez.jpeg 640w\" sizes=\"(max-width: 300px) 100vw, 300px\" \/><\/a>La subcomisi\u00f3n de tenis de mesa del Club de Regatas Corrientes organizar\u00e1 el pr\u00f3ximo domingo el II Torneo Abierto de la especialidad, en esta oportunidad en homenaje al \u00a0\u201cD\u00eda de la Patria\u201d.<\/p>\n<p>Recordemos que en abril pasado, la subcomisi\u00f3n de tenis de mesa \u201cremera\u201d organiz\u00f3 el I Abierto 2019, en ese caso por el \u00a0\u201cD\u00eda Mundial del Tenis de Mesa\u201d, impuesto por la Federaci\u00f3n Internacional de Tenis de Mesa.<\/p>\n<p>Ahora, el II Abierto, que se llevar\u00e1 a cabo en el Sal\u00f3n de Usos M\u00faltiples (SUM) de la instituci\u00f3n regatense, \u00a0comenzar\u00e1 a las 9.30 horas, con la categor\u00eda Tercera, y continuar\u00e1 a las 11.30 con la categor\u00eda Segunda.<\/p>\n<p>En tanto por la tarde, las 14.30 horas, ser\u00e1 el turno de la categor\u00eda Primera; en una competencia en donde ya esta abierta la inscripci\u00f3n en el correo <a href=\"mailto:subcomisiontenisdemesacrc@gmail.com.ar\">subcomisiontenisdemesacrc@gmail.com.ar<\/a> o a los TE 3794 \u2013 967829 \u2013 385860.<\/p>\n","protected":false},"excerpt":{"rendered":"<p>(Martes 21 de mayo de 2019). El pr\u00f3ximo domingo, a partir de las 9.30 hs., en el SUM del Club de Regatas Corrientes, se llevar\u00e1 a cabo el Torneo Abierto \u201cD\u00eda de la Patria\u201d de tenis mesa. Se encuentra abierta la inscripci\u00f3n. La subcomisi\u00f3n de tenis de mesa del Club de Regatas Corrientes organizar\u00e1 el &hellip;<\/p>\n","protected":false},"author":1,"featured_media":19318,"comment_status":"closed","ping_status":"closed","sticky":false,"template":"","format":"standard","meta":{"footnotes":""},"categories":[156,13],"tags":[],"_links":{"self":[{"href":"https:\/\/crc.org.ar\/w\/wp-json\/wp\/v2\/posts\/19316"}],"collection":[{"href":"https:\/\/crc.org.ar\/w\/wp-json\/wp\/v2\/posts"}],"about":[{"href":"https:\/\/crc.org.ar\/w\/wp-json\/wp\/v2\/types\/post"}],"author":[{"embeddable":true,"href":"https:\/\/crc.org.ar\/w\/wp-json\/wp\/v2\/users\/1"}],"replies":[{"embeddable":true,"href":"https:\/\/crc.org.ar\/w\/wp-json\/wp\/v2\/comments?post=19316"}],"version-history":[{"count":1,"href":"https:\/\/crc.org.ar\/w\/wp-json\/wp\/v2\/posts\/19316\/revisions"}],"predecessor-version":[{"id":19319,"href":"https:\/\/crc.org.ar\/w\/wp-json\/wp\/v2\/posts\/19316\/revisions\/19319"}],"wp:featuredmedia":[{"embeddable":true,"href":"https:\/\/crc.org.ar\/w\/wp-json\/wp\/v2\/media\/19318"}],"wp:attachment":[{"href":"https:\/\/crc.org.ar\/w\/wp-json\/wp\/v2\/media?parent=19316"}],"wp:term":[{"taxonomy":"category","embeddable":true,"href":"https:\/\/crc.org.ar\/w\/wp-json\/wp\/v2\/categories?post=19316"},{"taxonomy":"post_tag","embeddable":true,"href":"https:\/\/crc.org.ar\/w\/wp-json\/wp\/v2\/tags?post=19316"}],"curies":[{"name":"wp","href":"https:\/\/api.w.org\/{rel}","templated":true}]}}