{"id":19498,"date":"2019-05-28T12:40:05","date_gmt":"2019-05-28T15:40:05","guid":{"rendered":"https:\/\/crc.org.ar\/w\/?p=19498"},"modified":"2019-05-28T18:53:03","modified_gmt":"2019-05-28T21:53:03","slug":"gaston-codina-se-llevo-el-abierto-dia-de-la-patria-para-resistencia","status":"publish","type":"post","link":"https:\/\/crc.org.ar\/w\/gaston-codina-se-llevo-el-abierto-dia-de-la-patria-para-resistencia\/","title":{"rendered":"Gast\u00f3n Codina se llev\u00f3 el Abierto \u201cD\u00eda de la Patria\u201d para Resistencia"},"content":{"rendered":"<p>(Martes 28 de mayo de 2019). El representante del Club de Regatas Resistencia, <strong>Gast\u00f3n Codina<\/strong>, se qued\u00f3 con el Torneo Abierto \u201cD\u00eda de la Patria\u201d de tenis mesa, que se llev\u00f3 a cabo el \u00faltimo domingo en el SUM del Club de Regatas Corrientes.<!--more--><\/p>\n<p>Repitiendo el logro alcanzado en el Abierto \u201cD\u00eda Internacional del Tenis de Mesa\u201d, el jugador del Club de Regatas Resistencia, <strong>Gast\u00f3n Codina<\/strong>, se qued\u00f3 con el Torneo Abierto \u201cD\u00eda de la Patria\u201d de tenis mesa, en la categor\u00eda Primera.<\/p>\n<p>El torneo, que fue organizado por la subcomisi\u00f3n de tenis de mesa del Club de Regatas Corrientes, se llev\u00f3 a cabo con marcado \u00e9xito, el pasado domingo, en el Sal\u00f3n de Usos M\u00faltiples (SUM) de la instituci\u00f3n del parque Mitre.<\/p>\n<p>En la categor\u00eda Segunda, en tanto, el ganador fue el representante regatense <strong>Michael Sitja<\/strong>, en tanto que en Tercera, el t\u00edtulo volvi\u00f3 a quedar en manos de un jugador chaque\u00f1o, en este caso de <strong>Jos\u00e9 Dasso<\/strong> (CRR).<\/p>\n<p><strong>POSICIONES FINALES<\/strong><\/p>\n<p><strong>Primera:<\/strong> 1- Gast\u00f3n Codina (CRR), 2- Mat\u00edas Vilte Bosch (CRC), y 3- Arturo Palacio Arturo (CRC) y Cayetano Troia (CRC).<\/p>\n<p><strong>Segunda<\/strong>: 1- Michael Sitja (CRC), 2- Luciano Galarza (CRC), 3- Miguel Vilte (CRC), y 4- Carlos N\u00fa\u00f1ez (CRC).<\/p>\n<p><strong>Tercera<\/strong>: 1- Jos\u00e9 Dasso (CRR), 2- Joaqu\u00edn Jaluf (CRC), 3- Mat\u00edas M\u00e9ndez (CRC), y 4- Guillermo Denis (CRC).<\/p>\n<div id='gallery-1' class='gallery galleryid-19498 gallery-columns-5 gallery-size-thumbnail'><figure class='gallery-item'>\n\t\t\t<div class='gallery-icon landscape'>\n\t\t\t\t<a href='https:\/\/crc.org.ar\/w\/wp-content\/uploads\/2019\/05\/abierto-tenis-de-mesa.jpg'><img loading=\"lazy\" decoding=\"async\" width=\"150\" height=\"150\" src=\"https:\/\/crc.org.ar\/w\/wp-content\/uploads\/2019\/05\/abierto-tenis-de-mesa-150x150.jpg\" class=\"attachment-thumbnail size-thumbnail\" alt=\"\" \/><\/a>\n\t\t\t<\/div><\/figure><figure class='gallery-item'>\n\t\t\t<div class='gallery-icon landscape'>\n\t\t\t\t<a href='https:\/\/crc.org.ar\/w\/wp-content\/uploads\/2019\/05\/abierto-tenis-de-mesa1-1.jpg'><img loading=\"lazy\" decoding=\"async\" width=\"150\" height=\"150\" src=\"https:\/\/crc.org.ar\/w\/wp-content\/uploads\/2019\/05\/abierto-tenis-de-mesa1-1-150x150.jpg\" class=\"attachment-thumbnail size-thumbnail\" alt=\"\" \/><\/a>\n\t\t\t<\/div><\/figure><figure class='gallery-item'>\n\t\t\t<div class='gallery-icon landscape'>\n\t\t\t\t<a href='https:\/\/crc.org.ar\/w\/wp-content\/uploads\/2019\/05\/podio-primera-parcial.jpg'><img loading=\"lazy\" decoding=\"async\" width=\"150\" height=\"150\" src=\"https:\/\/crc.org.ar\/w\/wp-content\/uploads\/2019\/05\/podio-primera-parcial-150x150.jpg\" class=\"attachment-thumbnail size-thumbnail\" alt=\"\" \/><\/a>\n\t\t\t<\/div><\/figure><figure class='gallery-item'>\n\t\t\t<div class='gallery-icon landscape'>\n\t\t\t\t<a href='https:\/\/crc.org.ar\/w\/wp-content\/uploads\/2019\/05\/podio-segunda.jpg'><img loading=\"lazy\" decoding=\"async\" width=\"150\" height=\"150\" src=\"https:\/\/crc.org.ar\/w\/wp-content\/uploads\/2019\/05\/podio-segunda-150x150.jpg\" class=\"attachment-thumbnail size-thumbnail\" alt=\"\" \/><\/a>\n\t\t\t<\/div><\/figure><figure class='gallery-item'>\n\t\t\t<div class='gallery-icon landscape'>\n\t\t\t\t<a href='https:\/\/crc.org.ar\/w\/wp-content\/uploads\/2019\/05\/podio-tercera-e1559080369810.jpg'><img loading=\"lazy\" decoding=\"async\" width=\"150\" height=\"150\" src=\"https:\/\/crc.org.ar\/w\/wp-content\/uploads\/2019\/05\/podio-tercera-e1559080369810-150x150.jpg\" class=\"attachment-thumbnail size-thumbnail\" alt=\"\" \/><\/a>\n\t\t\t<\/div><\/figure>\n\t\t<\/div>\n\n","protected":false},"excerpt":{"rendered":"<p>(Martes 28 de mayo de 2019). El representante del Club de Regatas Resistencia, Gast\u00f3n Codina, se qued\u00f3 con el Torneo Abierto \u201cD\u00eda de la Patria\u201d de tenis mesa, que se llev\u00f3 a cabo el \u00faltimo domingo en el SUM del Club de Regatas Corrientes. Repitiendo el logro alcanzado en el Abierto \u201cD\u00eda Internacional del Tenis &hellip;<\/p>\n","protected":false},"author":1,"featured_media":19504,"comment_status":"closed","ping_status":"closed","sticky":false,"template":"","format":"standard","meta":{"footnotes":""},"categories":[156,13],"tags":[],"_links":{"self":[{"href":"https:\/\/crc.org.ar\/w\/wp-json\/wp\/v2\/posts\/19498"}],"collection":[{"href":"https:\/\/crc.org.ar\/w\/wp-json\/wp\/v2\/posts"}],"about":[{"href":"https:\/\/crc.org.ar\/w\/wp-json\/wp\/v2\/types\/post"}],"author":[{"embeddable":true,"href":"https:\/\/crc.org.ar\/w\/wp-json\/wp\/v2\/users\/1"}],"replies":[{"embeddable":true,"href":"https:\/\/crc.org.ar\/w\/wp-json\/wp\/v2\/comments?post=19498"}],"version-history":[{"count":1,"href":"https:\/\/crc.org.ar\/w\/wp-json\/wp\/v2\/posts\/19498\/revisions"}],"predecessor-version":[{"id":19506,"href":"https:\/\/crc.org.ar\/w\/wp-json\/wp\/v2\/posts\/19498\/revisions\/19506"}],"wp:featuredmedia":[{"embeddable":true,"href":"https:\/\/crc.org.ar\/w\/wp-json\/wp\/v2\/media\/19504"}],"wp:attachment":[{"href":"https:\/\/crc.org.ar\/w\/wp-json\/wp\/v2\/media?parent=19498"}],"wp:term":[{"taxonomy":"category","embeddable":true,"href":"https:\/\/crc.org.ar\/w\/wp-json\/wp\/v2\/categories?post=19498"},{"taxonomy":"post_tag","embeddable":true,"href":"https:\/\/crc.org.ar\/w\/wp-json\/wp\/v2\/tags?post=19498"}],"curies":[{"name":"wp","href":"https:\/\/api.w.org\/{rel}","templated":true}]}}