{"id":19536,"date":"2019-05-29T19:09:20","date_gmt":"2019-05-29T22:09:20","guid":{"rendered":"https:\/\/crc.org.ar\/w\/?p=19536"},"modified":"2019-05-29T19:09:20","modified_gmt":"2019-05-29T22:09:20","slug":"el-programa-dakar-2022-se-vive-a-pleno-en-regatas","status":"publish","type":"post","link":"https:\/\/crc.org.ar\/w\/el-programa-dakar-2022-se-vive-a-pleno-en-regatas\/","title":{"rendered":"El Programa &#8216;Dakar 2022&#8217; se vive a pleno en Regatas"},"content":{"rendered":"<p>(Mi\u00e9rcoles 29 de mayo de 2019). El remo del Club de Regatas Corrientes contar\u00e1 con diez (10) remeros en el inicio del Programa Juegos Ol\u00edmpicos de la Juventud, Dakar 2022. Cinco ser\u00e1n mujeres, y el primer campus de entrenamiento se llevar\u00e1 cabo en Tigre, en el mes de junio.<!--more--><\/p>\n<p><a href=\"https:\/\/crc.org.ar\/w\/wp-content\/uploads\/2019\/05\/algunas-convodadas.jpeg\"><img loading=\"lazy\" decoding=\"async\" class=\"alignright size-medium wp-image-19537\" src=\"https:\/\/crc.org.ar\/w\/wp-content\/uploads\/2019\/05\/algunas-convodadas-300x207.jpeg\" alt=\"\" width=\"300\" height=\"207\" srcset=\"https:\/\/crc.org.ar\/w\/wp-content\/uploads\/2019\/05\/algunas-convodadas-300x207.jpeg 300w, https:\/\/crc.org.ar\/w\/wp-content\/uploads\/2019\/05\/algunas-convodadas-110x75.jpeg 110w, https:\/\/crc.org.ar\/w\/wp-content\/uploads\/2019\/05\/algunas-convodadas.jpeg 640w\" sizes=\"(max-width: 300px) 100vw, 300px\" \/><\/a>Aquella maravillosa y exitosa experiencia que se vivi\u00f3 en el camino hacia los Juegos Ol\u00edmpicos de la Juventud, Buenos Aires 2018, busca un nuevo ciclo ol\u00edmpico para Dakar 2022.<\/p>\n<p>En Regatas Corrientes la nataci\u00f3n tuvo sus primeros convocados, con cinco nadadores integrando la Selecci\u00f3n de Corrientes, ya con un Campamento de entrenamiento Regional llevado a cabo en la ciudad de Posadas.<\/p>\n<p>Ahora el remo en la instituci\u00f3n regatense tendr\u00e1 su gran chance, y dentro del Programa estar\u00e1n diez remeros, cinco mujeres, tal cual lo anticipado el entrenador y coordinador de remo <strong>Harris Gonz\u00e1lez Escobar.<\/strong><\/p>\n<p>Los que comenzar\u00e1n el proceso, en sus primeros pasos, son <strong>Irinia Zibelman, Claudia Zeniquel, Tamara Ortiz, Areli Vallejos, y Juliana Piassentini; Octavio Kriskovich, Maximiliano Reischer, Gabriel Guti\u00e9rrez, Ignacio Burella, y Santiago G\u00f3mez De la Fuente.<\/strong><\/p>\n<p>&#8220;El Programa se inicia con remeros de m\u00e1s de cincuenta (50) clubes de todo el pa\u00eds. Algo as\u00ed como doscientos (202), cincuenta y seis (56) mujeres, nacidos en 2004 \u2013 2005&#8221;, comenz\u00f3 diciendo el coordinador uruguayo.<\/p>\n<p>&#8220;Las concentraciones y entrenamientos para los Juegos Ol\u00edmpicos de la Juventud Dakar 2022 arrancaran en el mes de junio en la pista Nacional de Tigre, en fecha a confirmar, por lo que es una gran motivaci\u00f3n para los chicos&#8221;, prosigui\u00f3 Gonz\u00e1lez Escobar.<\/p>\n<p>&#8220;Los chicos tienen muchas condiciones, est\u00e1n en un proceso de desarrollo, de aprendizaje. Todo va a depender de ellos. Ganas y condiciones hay, as\u00ed que ahora solo queda trabajar y trabajar&#8221;, a\u00f1adi\u00f3.<\/p>\n<p>Recordemos que desde el 2019, <strong>Harris Gonz\u00e1lez Escobar<\/strong> se hizo cargo del remo en Regatas Corrientes, y desde su llega se produjo una revoluci\u00f3n como hace tiempo no se viv\u00eda en el Club, en el remo.<\/p>\n<p>Mucha importancia a la escuelita, competencias internas, traves\u00edas, hicieron posible captar la atenci\u00f3n y la vuelta de muchos viejos y nuevos remeros, por lo que hoy Regatas vuelve a tener una flota entre Escuelita, pre plantel, plantel, promocionales y federados; adem\u00e1s de la Agrupaci\u00f3n M\u00e1ster.<\/p>\n<p>En ese lapso, se llevaron a cabo evaluaciones en r\u00edo y &#8220;ergo&#8221; que deriv\u00f3 en esta primera selecci\u00f3n de remeros, que comienzan un largo proceso de cuatro a\u00f1os, en un Ciclo Ol\u00edmpico que muchos empiezan, pero que pocos terminan.<\/p>\n<p>Lo cierto es que <strong>Irinia Zibelman, Claudia Zeniquel, Tamara Ortiz, Areli Vallejos, y Juliana Piassentini; Octavio Kriskovich, Maximiliano Reischer, Gabriel Guti\u00e9rrez, Ignacio Burella, y Santiago G\u00f3mez De la Fuente, <\/strong>tendr\u00e1n su gran chance y todo depende de ellos.<\/p>\n","protected":false},"excerpt":{"rendered":"<p>(Mi\u00e9rcoles 29 de mayo de 2019). El remo del Club de Regatas Corrientes contar\u00e1 con diez (10) remeros en el inicio del Programa Juegos Ol\u00edmpicos de la Juventud, Dakar 2022. Cinco ser\u00e1n mujeres, y el primer campus de entrenamiento se llevar\u00e1 cabo en Tigre, en el mes de junio. Aquella maravillosa y exitosa experiencia que &hellip;<\/p>\n","protected":false},"author":1,"featured_media":19538,"comment_status":"closed","ping_status":"closed","sticky":false,"template":"","format":"standard","meta":{"footnotes":""},"categories":[156,18],"tags":[],"_links":{"self":[{"href":"https:\/\/crc.org.ar\/w\/wp-json\/wp\/v2\/posts\/19536"}],"collection":[{"href":"https:\/\/crc.org.ar\/w\/wp-json\/wp\/v2\/posts"}],"about":[{"href":"https:\/\/crc.org.ar\/w\/wp-json\/wp\/v2\/types\/post"}],"author":[{"embeddable":true,"href":"https:\/\/crc.org.ar\/w\/wp-json\/wp\/v2\/users\/1"}],"replies":[{"embeddable":true,"href":"https:\/\/crc.org.ar\/w\/wp-json\/wp\/v2\/comments?post=19536"}],"version-history":[{"count":1,"href":"https:\/\/crc.org.ar\/w\/wp-json\/wp\/v2\/posts\/19536\/revisions"}],"predecessor-version":[{"id":19539,"href":"https:\/\/crc.org.ar\/w\/wp-json\/wp\/v2\/posts\/19536\/revisions\/19539"}],"wp:featuredmedia":[{"embeddable":true,"href":"https:\/\/crc.org.ar\/w\/wp-json\/wp\/v2\/media\/19538"}],"wp:attachment":[{"href":"https:\/\/crc.org.ar\/w\/wp-json\/wp\/v2\/media?parent=19536"}],"wp:term":[{"taxonomy":"category","embeddable":true,"href":"https:\/\/crc.org.ar\/w\/wp-json\/wp\/v2\/categories?post=19536"},{"taxonomy":"post_tag","embeddable":true,"href":"https:\/\/crc.org.ar\/w\/wp-json\/wp\/v2\/tags?post=19536"}],"curies":[{"name":"wp","href":"https:\/\/api.w.org\/{rel}","templated":true}]}}