{"id":19555,"date":"2019-05-30T10:13:35","date_gmt":"2019-05-30T13:13:35","guid":{"rendered":"https:\/\/crc.org.ar\/w\/?p=19555"},"modified":"2019-05-30T10:13:35","modified_gmt":"2019-05-30T13:13:35","slug":"regatas-volvio-al-triunfo-ante-hercules","status":"publish","type":"post","link":"https:\/\/crc.org.ar\/w\/regatas-volvio-al-triunfo-ante-hercules\/","title":{"rendered":"Regatas volvi\u00f3 al triunfo ante H\u00e9rcules"},"content":{"rendered":"<p>(Jueves 30 de mayo de 2019). Por la d\u00e9cima fecha de la Copa Palacio de la Asociaci\u00f3n de B\u00e1squetbol de la Ciudad de Corrientes (ABCC), Regatas Corrientes volvi\u00f3 al triunfo al vencer a H\u00e9rcules por 78 a 64, con una muy buena producci\u00f3n de <strong>Franco Zalazar<\/strong>, goleador del juego con 20 puntos.<!--more--><\/p>\n<p>Tras la derrota ante Ping\u00fcinos (69-76) y quedar libre en la fecha anterior, Regatas Corrientes volvi\u00f3 al triunfo en la d\u00e9cima fecha de la Copa Palacio, que organiza la Asociaci\u00f3n de B\u00e1squetbol de la Ciudad de Corrientes (ABCC).<\/p>\n<p>Para la oportunidad, el \u201cFantasma\u201d, dirigido por <strong>Juan Pablo Mascar\u00f3<\/strong>, no cont\u00f3 con <strong>Gast\u00f3n Turraca<\/strong>, afectado a la Liga Nacional de gira por C\u00f3rdoba, ni con los jugadores del U17, pr\u00f3ximos a jugar las semifinales del Provincial 2019 en Goya.<\/p>\n<p>Pese a ello, en un partido sumamente equilibrado, Regatas volvi\u00f3 a ser, por momentos, un equipo intenso, largo, con r\u00e1fagas de muy buen b\u00e1squetbol, y con un jugador desequilibrante en la pintura como <strong>Franco Zalazar<\/strong>, que se convirti\u00f3 en el goleador del juego con 20 puntos.<\/p>\n<p>Los parciales de 15\/15, 15\/10, 24\/22 y 24\/17 son un fiel reflejo de la paridad de fuerzas, en un \u201cFantasma\u201d en donde tambi\u00e9n se destacaron <strong>Juan Ignacio Gonz\u00e1lez Nadal<\/strong> (12) y <strong>Bautista Carulla<\/strong> (12).<\/p>\n<p><strong>La s\u00edntesis<\/strong><\/p>\n<p><strong>Regatas (78): <\/strong>E. Alvaredo 9, B. Carulla 12, J. Sosa 7, J. I. Gonz\u00e1lez Nadal 12, y Franco Zalazar 20 (FI); A. Robles 0, F. Gonz\u00e1lez 8, J. Marc\u00f3n 5, A. Bodach 2, J. Scacchi 5 y M. Vel\u00e1zquez 0.<strong>DT: <\/strong>Juan Pablo Mascar\u00f3.<\/p>\n<p><strong>H\u00e9rcules (64):<\/strong> M. Pi\u00f1eiro 6, L. Solis 13, J. Gonz\u00e1lez 11, R. Barrios 8 y O. Dubrez 4 (FI); R. Seoane Riera 2, J. Gerometta 4, N. Barzelk 3, E. Barrios 5, J. Barboza 8. DT: De los R\u00edos.<\/p>\n<p><strong>Parciales: <\/strong>15\/15, 30\/25 (15\/10), 54\/47 (24\/22) y 78\/64 (24\/17).<\/p>\n<p><strong>Jueces: <\/strong>Alejandro Costa y Carlos M\u00e9ndez. <strong>Estadio<\/strong>: H\u00e9rcules.<\/p>\n<div id='gallery-1' class='gallery galleryid-19555 gallery-columns-3 gallery-size-medium'><figure class='gallery-item'>\n\t\t\t<div class='gallery-icon landscape'>\n\t\t\t\t<a href='https:\/\/crc.org.ar\/w\/wp-content\/uploads\/2019\/05\/Alvaredo-1.jpeg'><img loading=\"lazy\" decoding=\"async\" width=\"300\" height=\"200\" src=\"https:\/\/crc.org.ar\/w\/wp-content\/uploads\/2019\/05\/Alvaredo-1-300x200.jpeg\" class=\"attachment-medium size-medium\" alt=\"\" srcset=\"https:\/\/crc.org.ar\/w\/wp-content\/uploads\/2019\/05\/Alvaredo-1-300x200.jpeg 300w, https:\/\/crc.org.ar\/w\/wp-content\/uploads\/2019\/05\/Alvaredo-1.jpeg 640w\" sizes=\"(max-width: 300px) 100vw, 300px\" \/><\/a>\n\t\t\t<\/div><\/figure><figure class='gallery-item'>\n\t\t\t<div class='gallery-icon landscape'>\n\t\t\t\t<a href='https:\/\/crc.org.ar\/w\/wp-content\/uploads\/2019\/05\/Carulla.jpeg'><img loading=\"lazy\" decoding=\"async\" width=\"300\" height=\"203\" src=\"https:\/\/crc.org.ar\/w\/wp-content\/uploads\/2019\/05\/Carulla-300x203.jpeg\" class=\"attachment-medium size-medium\" alt=\"\" srcset=\"https:\/\/crc.org.ar\/w\/wp-content\/uploads\/2019\/05\/Carulla-300x203.jpeg 300w, https:\/\/crc.org.ar\/w\/wp-content\/uploads\/2019\/05\/Carulla-110x75.jpeg 110w, https:\/\/crc.org.ar\/w\/wp-content\/uploads\/2019\/05\/Carulla.jpeg 640w\" sizes=\"(max-width: 300px) 100vw, 300px\" \/><\/a>\n\t\t\t<\/div><\/figure><figure class='gallery-item'>\n\t\t\t<div class='gallery-icon portrait'>\n\t\t\t\t<a href='https:\/\/crc.org.ar\/w\/wp-content\/uploads\/2019\/05\/Juan-Ignacio-Gonzalez.jpeg'><img loading=\"lazy\" decoding=\"async\" width=\"283\" height=\"300\" src=\"https:\/\/crc.org.ar\/w\/wp-content\/uploads\/2019\/05\/Juan-Ignacio-Gonzalez-283x300.jpeg\" class=\"attachment-medium size-medium\" alt=\"\" srcset=\"https:\/\/crc.org.ar\/w\/wp-content\/uploads\/2019\/05\/Juan-Ignacio-Gonzalez-283x300.jpeg 283w, https:\/\/crc.org.ar\/w\/wp-content\/uploads\/2019\/05\/Juan-Ignacio-Gonzalez.jpeg 480w\" sizes=\"(max-width: 283px) 100vw, 283px\" \/><\/a>\n\t\t\t<\/div><\/figure><figure class='gallery-item'>\n\t\t\t<div class='gallery-icon landscape'>\n\t\t\t\t<a href='https:\/\/crc.org.ar\/w\/wp-content\/uploads\/2019\/05\/Sosa-2.jpeg'><img loading=\"lazy\" decoding=\"async\" width=\"300\" height=\"220\" src=\"https:\/\/crc.org.ar\/w\/wp-content\/uploads\/2019\/05\/Sosa-2-300x220.jpeg\" class=\"attachment-medium size-medium\" alt=\"\" srcset=\"https:\/\/crc.org.ar\/w\/wp-content\/uploads\/2019\/05\/Sosa-2-300x220.jpeg 300w, https:\/\/crc.org.ar\/w\/wp-content\/uploads\/2019\/05\/Sosa-2.jpeg 640w\" sizes=\"(max-width: 300px) 100vw, 300px\" \/><\/a>\n\t\t\t<\/div><\/figure><figure class='gallery-item'>\n\t\t\t<div class='gallery-icon landscape'>\n\t\t\t\t<a href='https:\/\/crc.org.ar\/w\/wp-content\/uploads\/2019\/05\/Sosa1-1.jpeg'><img loading=\"lazy\" decoding=\"async\" width=\"300\" height=\"200\" src=\"https:\/\/crc.org.ar\/w\/wp-content\/uploads\/2019\/05\/Sosa1-1-300x200.jpeg\" class=\"attachment-medium size-medium\" alt=\"\" srcset=\"https:\/\/crc.org.ar\/w\/wp-content\/uploads\/2019\/05\/Sosa1-1-300x200.jpeg 300w, https:\/\/crc.org.ar\/w\/wp-content\/uploads\/2019\/05\/Sosa1-1.jpeg 640w\" sizes=\"(max-width: 300px) 100vw, 300px\" \/><\/a>\n\t\t\t<\/div><\/figure><figure class='gallery-item'>\n\t\t\t<div class='gallery-icon landscape'>\n\t\t\t\t<a href='https:\/\/crc.org.ar\/w\/wp-content\/uploads\/2019\/05\/Zalazar.jpeg'><img loading=\"lazy\" decoding=\"async\" width=\"300\" height=\"245\" src=\"https:\/\/crc.org.ar\/w\/wp-content\/uploads\/2019\/05\/Zalazar-300x245.jpeg\" class=\"attachment-medium size-medium\" alt=\"\" srcset=\"https:\/\/crc.org.ar\/w\/wp-content\/uploads\/2019\/05\/Zalazar-300x245.jpeg 300w, https:\/\/crc.org.ar\/w\/wp-content\/uploads\/2019\/05\/Zalazar.jpeg 587w\" sizes=\"(max-width: 300px) 100vw, 300px\" \/><\/a>\n\t\t\t<\/div><\/figure><figure class='gallery-item'>\n\t\t\t<div class='gallery-icon landscape'>\n\t\t\t\t<a href='https:\/\/crc.org.ar\/w\/wp-content\/uploads\/2019\/05\/Zalazar1.jpeg'><img loading=\"lazy\" decoding=\"async\" width=\"300\" height=\"205\" src=\"https:\/\/crc.org.ar\/w\/wp-content\/uploads\/2019\/05\/Zalazar1-300x205.jpeg\" class=\"attachment-medium size-medium\" alt=\"\" srcset=\"https:\/\/crc.org.ar\/w\/wp-content\/uploads\/2019\/05\/Zalazar1-300x205.jpeg 300w, https:\/\/crc.org.ar\/w\/wp-content\/uploads\/2019\/05\/Zalazar1-110x75.jpeg 110w, https:\/\/crc.org.ar\/w\/wp-content\/uploads\/2019\/05\/Zalazar1.jpeg 640w\" sizes=\"(max-width: 300px) 100vw, 300px\" \/><\/a>\n\t\t\t<\/div><\/figure>\n\t\t<\/div>\n\n","protected":false},"excerpt":{"rendered":"<p>(Jueves 30 de mayo de 2019). Por la d\u00e9cima fecha de la Copa Palacio de la Asociaci\u00f3n de B\u00e1squetbol de la Ciudad de Corrientes (ABCC), Regatas Corrientes volvi\u00f3 al triunfo al vencer a H\u00e9rcules por 78 a 64, con una muy buena producci\u00f3n de Franco Zalazar, goleador del juego con 20 puntos. Tras la derrota &hellip;<\/p>\n","protected":false},"author":1,"featured_media":19563,"comment_status":"closed","ping_status":"closed","sticky":false,"template":"","format":"standard","meta":{"footnotes":""},"categories":[80,156],"tags":[],"_links":{"self":[{"href":"https:\/\/crc.org.ar\/w\/wp-json\/wp\/v2\/posts\/19555"}],"collection":[{"href":"https:\/\/crc.org.ar\/w\/wp-json\/wp\/v2\/posts"}],"about":[{"href":"https:\/\/crc.org.ar\/w\/wp-json\/wp\/v2\/types\/post"}],"author":[{"embeddable":true,"href":"https:\/\/crc.org.ar\/w\/wp-json\/wp\/v2\/users\/1"}],"replies":[{"embeddable":true,"href":"https:\/\/crc.org.ar\/w\/wp-json\/wp\/v2\/comments?post=19555"}],"version-history":[{"count":1,"href":"https:\/\/crc.org.ar\/w\/wp-json\/wp\/v2\/posts\/19555\/revisions"}],"predecessor-version":[{"id":19564,"href":"https:\/\/crc.org.ar\/w\/wp-json\/wp\/v2\/posts\/19555\/revisions\/19564"}],"wp:featuredmedia":[{"embeddable":true,"href":"https:\/\/crc.org.ar\/w\/wp-json\/wp\/v2\/media\/19563"}],"wp:attachment":[{"href":"https:\/\/crc.org.ar\/w\/wp-json\/wp\/v2\/media?parent=19555"}],"wp:term":[{"taxonomy":"category","embeddable":true,"href":"https:\/\/crc.org.ar\/w\/wp-json\/wp\/v2\/categories?post=19555"},{"taxonomy":"post_tag","embeddable":true,"href":"https:\/\/crc.org.ar\/w\/wp-json\/wp\/v2\/tags?post=19555"}],"curies":[{"name":"wp","href":"https:\/\/api.w.org\/{rel}","templated":true}]}}