{"id":19582,"date":"2019-05-31T12:48:27","date_gmt":"2019-05-31T15:48:27","guid":{"rendered":"https:\/\/crc.org.ar\/w\/?p=19582"},"modified":"2019-05-31T12:48:27","modified_gmt":"2019-05-31T15:48:27","slug":"nicolas-nunez-en-formosa-en-el-programa-olimpico-juvenil-dakar-2022","status":"publish","type":"post","link":"https:\/\/crc.org.ar\/w\/nicolas-nunez-en-formosa-en-el-programa-olimpico-juvenil-dakar-2022\/","title":{"rendered":"Nicol\u00e1s N\u00fa\u00f1ez en Formosa en el Programa Ol\u00edmpico Juvenil Dakar 2022"},"content":{"rendered":"<p>(Viernes 31 de mayo de 2019). El jugador del Club de Regatas Corrientes, <strong>Nicol\u00e1s \u201cNico\u201d N\u00fa\u00f1ez<\/strong>, se encuentra en Formosa participando del campamento de entrenamiento para la categor\u00eda Sub 15, del Programa \u201cJuegos Ol\u00edmpicos de la Juventud Dakar 2022\u201d.<!--more--><\/p>\n<p><a href=\"https:\/\/crc.org.ar\/w\/wp-content\/uploads\/2019\/05\/nico-nu\u00f1ez.jpeg\"><img loading=\"lazy\" decoding=\"async\" class=\"alignright size-medium wp-image-19583\" src=\"https:\/\/crc.org.ar\/w\/wp-content\/uploads\/2019\/05\/nico-nu\u00f1ez-263x300.jpeg\" alt=\"\" width=\"263\" height=\"300\" srcset=\"https:\/\/crc.org.ar\/w\/wp-content\/uploads\/2019\/05\/nico-nu\u00f1ez-263x300.jpeg 263w, https:\/\/crc.org.ar\/w\/wp-content\/uploads\/2019\/05\/nico-nu\u00f1ez.jpeg 480w\" sizes=\"(max-width: 263px) 100vw, 263px\" \/><\/a>El Club de Regatas Corrientes tiene un representante en la ciudad de Formosa, en el campamento de entrenamiento para la categor\u00eda Sub 15 y en torneo Nacional Challenger, que se llevar\u00e1 a cabo este fin de semana.<\/p>\n<p>Se trata del <strong>Nicol\u00e1s \u201cNico\u201d N\u00fa\u00f1ez<\/strong> que estar\u00e1 debutando en la categor\u00eda Sub 15, en el tradicional Challenger \u201cImperio Verde\u201d en el estadio Centenario de la capital formose\u00f1a; y que se llevar\u00e1 a acabo este fin de semana.<\/p>\n<p>Sin embargo la actividad para <strong>\u201cNico\u201d N\u00fa\u00f1ez<\/strong> comenz\u00f3 el pasado jueves en el\u00a0 campamento de entrenamiento como punto de partida del proceso de detecci\u00f3n de talentos de la Federaci\u00f3n Argentina de Tenis de Mesa (FATM).<\/p>\n<p>La actividad, que se prolongar\u00e1 hasta este viernes, y que se repite en diferentes regiones del pa\u00eds, se enmarca en el Programa de los Juegos Ol\u00edmpicos de la Juventud Dakar 2022; y que para Regatas comenz\u00f3 en nataci\u00f3n y remo con deportistas seleccionados.<\/p>\n<p>El campamento de entrenamiento regional NEA est\u00e1 a cargo del t\u00e9cnico de la Selecci\u00f3n Nacional, <strong>Oscar Roitman<\/strong>, quien tiene la colaboraci\u00f3n de <strong>Walter G\u00f3mez<\/strong>, y en donde <strong>Nicol\u00e1s N\u00fa\u00f1ez <\/strong>sumar\u00e1 una experiencia m\u00e1s que enriquecedora.<\/p>\n<p>En este marco, este viernes, luego de pasar las pruebas antropom\u00e9tricas\u00a0 (grasa corporal, medici\u00f3n de pliegues, musculatura talla y peso), se continu\u00f3 con las pruebas espec\u00edficamente de t\u00e9cnicas.<\/p>\n<p>Al mediod\u00eda, en tanto, esta planificado la toma de evaluaciones espec\u00edficas.\u00a0 Y por la tarde la prueba de t\u00e1cticas y evaluaci\u00f3n final; para luego ya tener todos los sentidos puestos en la el Nacional Challenger, del fin de semana.<\/p>\n","protected":false},"excerpt":{"rendered":"<p>(Viernes 31 de mayo de 2019). El jugador del Club de Regatas Corrientes, Nicol\u00e1s \u201cNico\u201d N\u00fa\u00f1ez, se encuentra en Formosa participando del campamento de entrenamiento para la categor\u00eda Sub 15, del Programa \u201cJuegos Ol\u00edmpicos de la Juventud Dakar 2022\u201d. El Club de Regatas Corrientes tiene un representante en la ciudad de Formosa, en el campamento &hellip;<\/p>\n","protected":false},"author":1,"featured_media":19584,"comment_status":"closed","ping_status":"closed","sticky":false,"template":"","format":"standard","meta":{"footnotes":""},"categories":[156,13],"tags":[],"_links":{"self":[{"href":"https:\/\/crc.org.ar\/w\/wp-json\/wp\/v2\/posts\/19582"}],"collection":[{"href":"https:\/\/crc.org.ar\/w\/wp-json\/wp\/v2\/posts"}],"about":[{"href":"https:\/\/crc.org.ar\/w\/wp-json\/wp\/v2\/types\/post"}],"author":[{"embeddable":true,"href":"https:\/\/crc.org.ar\/w\/wp-json\/wp\/v2\/users\/1"}],"replies":[{"embeddable":true,"href":"https:\/\/crc.org.ar\/w\/wp-json\/wp\/v2\/comments?post=19582"}],"version-history":[{"count":1,"href":"https:\/\/crc.org.ar\/w\/wp-json\/wp\/v2\/posts\/19582\/revisions"}],"predecessor-version":[{"id":19585,"href":"https:\/\/crc.org.ar\/w\/wp-json\/wp\/v2\/posts\/19582\/revisions\/19585"}],"wp:featuredmedia":[{"embeddable":true,"href":"https:\/\/crc.org.ar\/w\/wp-json\/wp\/v2\/media\/19584"}],"wp:attachment":[{"href":"https:\/\/crc.org.ar\/w\/wp-json\/wp\/v2\/media?parent=19582"}],"wp:term":[{"taxonomy":"category","embeddable":true,"href":"https:\/\/crc.org.ar\/w\/wp-json\/wp\/v2\/categories?post=19582"},{"taxonomy":"post_tag","embeddable":true,"href":"https:\/\/crc.org.ar\/w\/wp-json\/wp\/v2\/tags?post=19582"}],"curies":[{"name":"wp","href":"https:\/\/api.w.org\/{rel}","templated":true}]}}