{"id":19693,"date":"2019-06-04T11:53:26","date_gmt":"2019-06-04T14:53:26","guid":{"rendered":"https:\/\/crc.org.ar\/w\/?p=19693"},"modified":"2019-06-04T11:53:26","modified_gmt":"2019-06-04T14:53:26","slug":"regatas-se-mide-ante-sportivo","status":"publish","type":"post","link":"https:\/\/crc.org.ar\/w\/regatas-se-mide-ante-sportivo\/","title":{"rendered":"Regatas se mide ante Sportivo"},"content":{"rendered":"<p>(Martes 4 de junio de 2019). Este mi\u00e9rcoles, en el estadio \u201cLaucha\u201d Cabral, Regatas Corrientes se estar\u00e1 enfrentando a Sportivo por la und\u00e9cima fecha de la Copa Palacio de la Primera Divisi\u00f3n de ABCC.<!--more--><\/p>\n<p><a href=\"https:\/\/crc.org.ar\/w\/wp-content\/uploads\/2019\/06\/Sosa.jpeg\"><img loading=\"lazy\" decoding=\"async\" class=\"alignright size-medium wp-image-19694\" src=\"https:\/\/crc.org.ar\/w\/wp-content\/uploads\/2019\/06\/Sosa-300x206.jpeg\" alt=\"\" width=\"300\" height=\"206\" srcset=\"https:\/\/crc.org.ar\/w\/wp-content\/uploads\/2019\/06\/Sosa-300x206.jpeg 300w, https:\/\/crc.org.ar\/w\/wp-content\/uploads\/2019\/06\/Sosa-110x75.jpeg 110w, https:\/\/crc.org.ar\/w\/wp-content\/uploads\/2019\/06\/Sosa.jpeg 640w\" sizes=\"(max-width: 300px) 100vw, 300px\" \/><\/a>Este mi\u00e9rcoles en el segundo turno de la jornada de b\u00e1squet de Primera Divisi\u00f3n, a partir de las 22:15, Regatas Corrientes se estar\u00e1 midiendo como visitante ante Sportivo, quien a\u00fan no gan\u00f3 en el actual certamen.<\/p>\n<p>Para la ocasi\u00f3n, <strong>Juan Pablo Mascar\u00f3<\/strong> contar\u00e1 con el plantel completo a su disposici\u00f3n, y de \u00e9l depender\u00e1 la elecci\u00f3n de los 12 que estar\u00e1n representando al \u201cremero\u201d en el estadio \u201cLaucha\u201d Cabral del club Sportivo.<\/p>\n<p>El partido que est\u00e1 previsto d\u00e9 inicio a las 22:15, ser\u00e1 en el segundo turno de la noche, posterior al juego entre Alvear y Uni\u00f3n Arroyito.<\/p>\n<p>Regatas que viene con un andar irregular, con 5 victorias (San Mart\u00edn, Arroyito, Sagrado Coraz\u00f3n, El Tala y H\u00e9rcules) y 4 derrotas (Col\u00f3n, Alvear, Juventus y Ping\u00fcinos), viene de ganar frente a H\u00e9rcules el mi\u00e9rcoles pasado, por lo que ahora buscar\u00e1 estirar a dos sus victorias consecutivas.<\/p>\n<p>Por otra parte, Sportivo, dirigido por Maximiliano Ses\u00edn, a\u00fan no pudo ganar en el certamen, cayendo en 9 oportunidades, en las primeras 10 fechas, por lo que querr\u00e1n salir de esta mala racha que los aqueja frente al \u201cfantasma\u201d.<\/p>\n<p><strong>FIXTURE<\/strong><\/p>\n<p><strong>Cancha Sportivo: <\/strong>21: Alvear vs. <strong>Arroyito, y 22:15 Sportivo vs. Regatas Corrientes.<\/strong><\/p>\n<p><strong>Cancha 1536 Viviendas: <\/strong>21: Col\u00f3n vs. Juventus, y 22:15 1536 Viviendas vs. Ping\u00fcinos.<\/p>\n<p><strong>Cancha San Mart\u00edn: <\/strong>21: C\u00f3rdoba vs. El Tala, y 22:15 San Mart\u00edn vs. Sagrado Coraz\u00f3n.<\/p>\n<p><strong>Libre:<\/strong> H\u00e9rcules.<\/p>\n<p>&nbsp;<\/p>\n","protected":false},"excerpt":{"rendered":"<p>(Martes 4 de junio de 2019). Este mi\u00e9rcoles, en el estadio \u201cLaucha\u201d Cabral, Regatas Corrientes se estar\u00e1 enfrentando a Sportivo por la und\u00e9cima fecha de la Copa Palacio de la Primera Divisi\u00f3n de ABCC. Este mi\u00e9rcoles en el segundo turno de la jornada de b\u00e1squet de Primera Divisi\u00f3n, a partir de las 22:15, Regatas Corrientes &hellip;<\/p>\n","protected":false},"author":1,"featured_media":19695,"comment_status":"closed","ping_status":"closed","sticky":false,"template":"","format":"standard","meta":{"footnotes":""},"categories":[80,156],"tags":[],"_links":{"self":[{"href":"https:\/\/crc.org.ar\/w\/wp-json\/wp\/v2\/posts\/19693"}],"collection":[{"href":"https:\/\/crc.org.ar\/w\/wp-json\/wp\/v2\/posts"}],"about":[{"href":"https:\/\/crc.org.ar\/w\/wp-json\/wp\/v2\/types\/post"}],"author":[{"embeddable":true,"href":"https:\/\/crc.org.ar\/w\/wp-json\/wp\/v2\/users\/1"}],"replies":[{"embeddable":true,"href":"https:\/\/crc.org.ar\/w\/wp-json\/wp\/v2\/comments?post=19693"}],"version-history":[{"count":1,"href":"https:\/\/crc.org.ar\/w\/wp-json\/wp\/v2\/posts\/19693\/revisions"}],"predecessor-version":[{"id":19696,"href":"https:\/\/crc.org.ar\/w\/wp-json\/wp\/v2\/posts\/19693\/revisions\/19696"}],"wp:featuredmedia":[{"embeddable":true,"href":"https:\/\/crc.org.ar\/w\/wp-json\/wp\/v2\/media\/19695"}],"wp:attachment":[{"href":"https:\/\/crc.org.ar\/w\/wp-json\/wp\/v2\/media?parent=19693"}],"wp:term":[{"taxonomy":"category","embeddable":true,"href":"https:\/\/crc.org.ar\/w\/wp-json\/wp\/v2\/categories?post=19693"},{"taxonomy":"post_tag","embeddable":true,"href":"https:\/\/crc.org.ar\/w\/wp-json\/wp\/v2\/tags?post=19693"}],"curies":[{"name":"wp","href":"https:\/\/api.w.org\/{rel}","templated":true}]}}