{"id":19726,"date":"2019-06-06T11:36:28","date_gmt":"2019-06-06T14:36:28","guid":{"rendered":"https:\/\/crc.org.ar\/w\/?p=19726"},"modified":"2019-06-06T11:36:28","modified_gmt":"2019-06-06T14:36:28","slug":"regatas-se-quedo-con-una-comoda-victoria-frente-a-sportivo","status":"publish","type":"post","link":"https:\/\/crc.org.ar\/w\/regatas-se-quedo-con-una-comoda-victoria-frente-a-sportivo\/","title":{"rendered":"Regatas se qued\u00f3 con una c\u00f3moda victoria frente a Sportivo"},"content":{"rendered":"<p>(Jueves 6 de junio de 2019). En la noche del mi\u00e9rcoles, Regatas Corrientes venci\u00f3 de manera clara y como visitante a Sportivo por 79 a 41, por la und\u00e9cima fecha de la Copa Palacio de la Primera Divisi\u00f3n de la ABCC.<!--more--><\/p>\n<p><a href=\"https:\/\/crc.org.ar\/w\/wp-content\/uploads\/2019\/06\/Carulla.jpeg\"><img loading=\"lazy\" decoding=\"async\" class=\"size-medium wp-image-19727 alignleft\" src=\"https:\/\/crc.org.ar\/w\/wp-content\/uploads\/2019\/06\/Carulla-300x198.jpeg\" alt=\"\" width=\"300\" height=\"198\" srcset=\"https:\/\/crc.org.ar\/w\/wp-content\/uploads\/2019\/06\/Carulla-300x198.jpeg 300w, https:\/\/crc.org.ar\/w\/wp-content\/uploads\/2019\/06\/Carulla-310x205.jpeg 310w, https:\/\/crc.org.ar\/w\/wp-content\/uploads\/2019\/06\/Carulla.jpeg 640w\" sizes=\"(max-width: 300px) 100vw, 300px\" \/><\/a>Para el juego, disputado en el estadio \u201cLaucha\u201d Cabral del club Sportivo, el entrenador de Regatas Corrientes, Juan Pablo Mascar\u00f3, cont\u00f3 por primera vez, despu\u00e9s de un buen tiempo, con el plantel completo a disposici\u00f3n.<\/p>\n<p>En el primer cuarto, Regatas r\u00e1pidamente tom\u00f3 el control de las acciones, sobre todo proponiendo una dura defensa, que sumado a un muy desordenado Sportivo en el ataque, hicieron que el local anote apenas 2 puntos en el primer parcial, mientras que el \u201cfantasma\u201d circul\u00f3 bien el bal\u00f3n y cerr\u00f3 el primer periodo con 18 puntos en su haber.<\/p>\n<p>En los 10 minutos siguientes, Sportivo se plant\u00f3 mejor en defensa, y propuso un juego muy friccionado, lo que le dificult\u00f3 un poco la ofensiva al \u201cremero\u201d. A pesar de la levantada del \u201cverde y blanco\u201d Regatas continu\u00f3 dominando las acciones y se fue al descanso largo arriba por 31 a 17.<\/p>\n<p><a href=\"https:\/\/crc.org.ar\/w\/wp-content\/uploads\/2019\/06\/Scacchi.jpeg\"><img loading=\"lazy\" decoding=\"async\" class=\"alignright size-medium wp-image-19728\" src=\"https:\/\/crc.org.ar\/w\/wp-content\/uploads\/2019\/06\/Scacchi-300x207.jpeg\" alt=\"\" width=\"300\" height=\"207\" srcset=\"https:\/\/crc.org.ar\/w\/wp-content\/uploads\/2019\/06\/Scacchi-300x207.jpeg 300w, https:\/\/crc.org.ar\/w\/wp-content\/uploads\/2019\/06\/Scacchi-110x75.jpeg 110w, https:\/\/crc.org.ar\/w\/wp-content\/uploads\/2019\/06\/Scacchi.jpeg 640w\" sizes=\"(max-width: 300px) 100vw, 300px\" \/><\/a>Para el segundo tiempo, los de Mascar\u00f3 volvieron a salir con la intensidad defensiva del inicio del juego en la parte defensiva, mientras que en el ataque aprovecharon muy bien las desconcentraciones de su rival, y sobre todo pudieron sumar mucho desde la l\u00ednea, ya que el local recurri\u00f3 mucho a las faltas. As\u00ed Regatas retom\u00f3 una buena diferencia y cerr\u00f3 el ante\u00faltimo cuarto 53 a 29.<\/p>\n<p>Y ya con la diferencia conseguida en el parcial anterior, el \u201cremero\u201d supo jugar con la ventaja de manera inteligente, aprovechando tambi\u00e9n las desatenciones de un Sportivo que se apresuraba tratando de descontar, pero que no consegu\u00eda convertir. Sin mucho m\u00e1s, termin\u00f3 el juego, con el tablero marcando 79 para la visita y 41 para el local.<\/p>\n<p>Con esta victoria, Regatas acumul\u00f3 su sexto triunfo (segundo en fila) en la Copa Palacio en 10 presentaciones, mientras que Sportivo sum\u00f3 su d\u00e9cima ca\u00edda en la misma cantidad de juegos.<\/p>\n<p><strong><a href=\"https:\/\/crc.org.ar\/w\/wp-content\/uploads\/2019\/06\/Sosa-1.jpeg\"><img loading=\"lazy\" decoding=\"async\" class=\"alignright size-medium wp-image-19729\" src=\"https:\/\/crc.org.ar\/w\/wp-content\/uploads\/2019\/06\/Sosa-1-300x183.jpeg\" alt=\"\" width=\"300\" height=\"183\" srcset=\"https:\/\/crc.org.ar\/w\/wp-content\/uploads\/2019\/06\/Sosa-1-300x183.jpeg 300w, https:\/\/crc.org.ar\/w\/wp-content\/uploads\/2019\/06\/Sosa-1.jpeg 640w\" sizes=\"(max-width: 300px) 100vw, 300px\" \/><\/a>La S\u00edntesis<\/strong><\/p>\n<p><strong>Sportivo (41): <\/strong>Mart\u00edn Ben\u00edtez Arbo 14, Pablo Jara Froy 0, Leonardo Yaya 2, V\u00edctor Azar 2 y Rafael Quintana 6 (FI); Sebasti\u00e1n Br\u00edtez 6, Nahuel Moreno 4, Fabricio Montoya 3 y Edgar Casco 4. <strong>DT: <\/strong>Maximiliano Ses\u00edn.<\/p>\n<p><strong>Regatas (79): <\/strong>Enzo Alvaredo 12, Gast\u00f3n Turraca 9, Facundo Gonz\u00e1lez 8, Juan Ignacio Gonz\u00e1lez Nadal 4 y Franco Zalazar 14 (FI); Bautista Carulla 5, Ignacio Marc\u00f3 0, Joaqu\u00edn Sosa 6, Joaqu\u00edn Marc\u00f3n 2, Andr\u00e9s Bodach 8, Fabio Gauto 3 y Juan Cruz Scacchi 8. <strong>DT: <\/strong>Juan Pablo Mascar\u00f3.<\/p>\n<p><strong>\u00a0<\/strong><strong>Parciales: <\/strong>02\/18, 17\/31 (15\/13), 29\/53 (12\/22), 41\/79 (12\/26). <strong>Jueces: <\/strong>Guido Estigarribia y Carlos Moreyra.<\/p>\n","protected":false},"excerpt":{"rendered":"<p>(Jueves 6 de junio de 2019). En la noche del mi\u00e9rcoles, Regatas Corrientes venci\u00f3 de manera clara y como visitante a Sportivo por 79 a 41, por la und\u00e9cima fecha de la Copa Palacio de la Primera Divisi\u00f3n de la ABCC. Para el juego, disputado en el estadio \u201cLaucha\u201d Cabral del club Sportivo, el entrenador &hellip;<\/p>\n","protected":false},"author":1,"featured_media":19730,"comment_status":"closed","ping_status":"closed","sticky":false,"template":"","format":"standard","meta":{"footnotes":""},"categories":[80,156],"tags":[],"_links":{"self":[{"href":"https:\/\/crc.org.ar\/w\/wp-json\/wp\/v2\/posts\/19726"}],"collection":[{"href":"https:\/\/crc.org.ar\/w\/wp-json\/wp\/v2\/posts"}],"about":[{"href":"https:\/\/crc.org.ar\/w\/wp-json\/wp\/v2\/types\/post"}],"author":[{"embeddable":true,"href":"https:\/\/crc.org.ar\/w\/wp-json\/wp\/v2\/users\/1"}],"replies":[{"embeddable":true,"href":"https:\/\/crc.org.ar\/w\/wp-json\/wp\/v2\/comments?post=19726"}],"version-history":[{"count":1,"href":"https:\/\/crc.org.ar\/w\/wp-json\/wp\/v2\/posts\/19726\/revisions"}],"predecessor-version":[{"id":19731,"href":"https:\/\/crc.org.ar\/w\/wp-json\/wp\/v2\/posts\/19726\/revisions\/19731"}],"wp:featuredmedia":[{"embeddable":true,"href":"https:\/\/crc.org.ar\/w\/wp-json\/wp\/v2\/media\/19730"}],"wp:attachment":[{"href":"https:\/\/crc.org.ar\/w\/wp-json\/wp\/v2\/media?parent=19726"}],"wp:term":[{"taxonomy":"category","embeddable":true,"href":"https:\/\/crc.org.ar\/w\/wp-json\/wp\/v2\/categories?post=19726"},{"taxonomy":"post_tag","embeddable":true,"href":"https:\/\/crc.org.ar\/w\/wp-json\/wp\/v2\/tags?post=19726"}],"curies":[{"name":"wp","href":"https:\/\/api.w.org\/{rel}","templated":true}]}}