{"id":19776,"date":"2019-06-10T15:07:09","date_gmt":"2019-06-10T18:07:09","guid":{"rendered":"https:\/\/crc.org.ar\/w\/?p=19776"},"modified":"2019-06-10T15:09:42","modified_gmt":"2019-06-10T18:09:42","slug":"con-una-regata-de-velocidad-regatas-se-prepara-para-el-regional-nea","status":"publish","type":"post","link":"https:\/\/crc.org.ar\/w\/con-una-regata-de-velocidad-regatas-se-prepara-para-el-regional-nea\/","title":{"rendered":"Con una regata de velocidad, Regatas se prepara para el Regional NEA"},"content":{"rendered":"<p>(Lunes 10 de junio de 2019). El pasado s\u00e1bado, se llev\u00f3 a cabo la regata de Velocidad del Club de Regatas Corrientes, preparatorio para el Encuentro Regional NEA que se llevar\u00e1 a cabo el pr\u00f3ximo 29 de junio en la playa Arazaty. Alrededor de treinta remeros compitieron en una docena de regatas.<!--more--><\/p>\n<p>En una jornada espectacular, el pasado s\u00e1bado se llev\u00f3 a cabo <strong>\u00a0<\/strong>la regata de Velocidad del Club de Regatas Corrientes, preparatorio para el Encuentro Regional NEA que se llevar\u00e1 a cabo el pr\u00f3ximo 29 de junio en la playa Arazaty.<\/p>\n<p>La competencia, bajo la coordinaci\u00f3n del entrenador <strong>Harris Gonz\u00e1lez Escobar<\/strong>, cont\u00f3 con la participaci\u00f3n de cerca de cincuenta (30) remeros, que le dieron vida a una docena de regatas.<\/p>\n<p>La regata se llev\u00f3 a cabo frente a la playa del Club de Regatas Corrientes y de la hist\u00f3rica Punta Mitre, siendo observada por familiares, amigos y curiosos que pudieron percibir las bondades de la disciplina.<\/p>\n<p>Abriendo la jornada, en un 2x Shell el primer puesto fue para <strong>Diego Vidal<\/strong> &#8211; <strong>Gabriel Centuri\u00f3n; <\/strong>seguido por<strong> Alejandro G\u00f3mez &#8211; Fernando Ort\u00edz. <\/strong>Para luego ser el turno del Parcito que qued\u00f3 para <strong>Maximiliano Reischer, <\/strong>seguido por<strong> Ramiro Rodr\u00edguez y Diego Moreira.<\/strong><\/p>\n<p>Mientras que el Par Doble Infantil, el primer puesto fue para <strong>Cruz Rodr\u00edguez &#8211; Branda Sasturain<\/strong>; seguidos por <strong>Sabrina Zibelman &#8211; Benjam\u00edn Maza <\/strong>y<strong>\u00a0 Fiorella M\u00e9ndez \u2013 Santiago Fedullo.<\/strong><\/p>\n<p><strong>\u00a0<\/strong>Volviendo a los parcitos, se corriendo dos regatas m\u00e1s, pero esta vez Femenino. Una qued\u00f3 en poder <strong>Luz Fedullo<\/strong>. Completaron los tres primeros lugares, <strong>Irina Zibelman <\/strong>y<strong> Natalia Ch\u00e1vez<\/strong>. Y la otra gan\u00f3 <strong>Brenda Sasturain,<\/strong> seguida por <strong>Roxana Salinas <\/strong>y<strong> Abril S\u00e1nchez.<\/strong><\/p>\n<p>Siguiendo con la competencia en el 2x Shell, el ganador fue <strong>Diego Vidal &#8211;<\/strong> <strong>Elizabet Vallejos.<\/strong> Completaron el podio <strong>Juan Pablo Beber &#8211; Roxana Salinas<\/strong>, y <strong>Atilio R\u00faveda \u2013 Irina Zibelman.<\/strong><\/p>\n<p>Por su parte <strong>Ramiro Rodr\u00edguez<\/strong> se qued\u00f3 con una nueva regata en Parcito, al vedette de la tarde. Mientras <strong>Agust\u00edn Vera <\/strong>y<strong> Santiago G\u00f3mez de la Fuente<\/strong>, fueron segundo y tercero respectivamente.<\/p>\n<p>Ya en un 2x Shell <strong>Alejandro G\u00f3mez &#8211; Sebasti\u00e1n G\u00f3mez<\/strong> se quedaron con la prueba, seguidos por <strong>Patricio Frette \u2013 Maximiliano Reischer<\/strong>, y <strong>Fernando Ort\u00edz \u2013 Ricardo Dom\u00ednguez.<\/strong><\/p>\n<p><strong>\u00a0<\/strong>Por \u00faltimo, en el Parcito Infantil, <strong>Benjam\u00edn Maza \u2013 Sabrina Zibelman<\/strong> ganaron la prueba, escoltados por <strong>Santiago Fedullo &#8211; Fiorella M\u00e9ndez. <\/strong>Cerrando la jornada en el Mixto Infantil.<\/p>\n<p>All\u00ed ganaron <strong>Benjam\u00edn Maza<\/strong>, seguido por <strong>Santiago Fedullo<\/strong>; y <strong>Sabrina Zibelman<\/strong> seguida por <strong>Fiorella M\u00e9ndez<\/strong>, para cerrar una jornada espectacular, con un equipo form\u00e1ndose y consolid\u00e1ndose en Regatas Corrientes.<\/p>\n<div id='gallery-1' class='gallery galleryid-19776 gallery-columns-4 gallery-size-thumbnail'><figure class='gallery-item'>\n\t\t\t<div class='gallery-icon landscape'>\n\t\t\t\t<a href='https:\/\/crc.org.ar\/w\/wp-content\/uploads\/2019\/06\/CRC-1.jpeg'><img loading=\"lazy\" decoding=\"async\" width=\"150\" height=\"150\" src=\"https:\/\/crc.org.ar\/w\/wp-content\/uploads\/2019\/06\/CRC-1-150x150.jpeg\" class=\"attachment-thumbnail size-thumbnail\" alt=\"\" srcset=\"https:\/\/crc.org.ar\/w\/wp-content\/uploads\/2019\/06\/CRC-1-150x150.jpeg 150w, https:\/\/crc.org.ar\/w\/wp-content\/uploads\/2019\/06\/CRC-1-300x297.jpeg 300w\" sizes=\"(max-width: 150px) 100vw, 150px\" \/><\/a>\n\t\t\t<\/div><\/figure><figure class='gallery-item'>\n\t\t\t<div class='gallery-icon landscape'>\n\t\t\t\t<a href='https:\/\/crc.org.ar\/w\/wp-content\/uploads\/2019\/06\/CRC1.jpeg'><img loading=\"lazy\" decoding=\"async\" width=\"150\" height=\"150\" src=\"https:\/\/crc.org.ar\/w\/wp-content\/uploads\/2019\/06\/CRC1-150x150.jpeg\" class=\"attachment-thumbnail size-thumbnail\" alt=\"\" \/><\/a>\n\t\t\t<\/div><\/figure><figure class='gallery-item'>\n\t\t\t<div class='gallery-icon landscape'>\n\t\t\t\t<a href='https:\/\/crc.org.ar\/w\/wp-content\/uploads\/2019\/06\/velocidad.jpeg'><img loading=\"lazy\" decoding=\"async\" width=\"150\" height=\"150\" src=\"https:\/\/crc.org.ar\/w\/wp-content\/uploads\/2019\/06\/velocidad-150x150.jpeg\" class=\"attachment-thumbnail size-thumbnail\" alt=\"\" \/><\/a>\n\t\t\t<\/div><\/figure><figure class='gallery-item'>\n\t\t\t<div class='gallery-icon landscape'>\n\t\t\t\t<a href='https:\/\/crc.org.ar\/w\/wp-content\/uploads\/2019\/06\/velocidad1.jpeg'><img loading=\"lazy\" decoding=\"async\" width=\"150\" height=\"150\" src=\"https:\/\/crc.org.ar\/w\/wp-content\/uploads\/2019\/06\/velocidad1-150x150.jpeg\" class=\"attachment-thumbnail size-thumbnail\" alt=\"\" \/><\/a>\n\t\t\t<\/div><\/figure><figure class='gallery-item'>\n\t\t\t<div class='gallery-icon landscape'>\n\t\t\t\t<a href='https:\/\/crc.org.ar\/w\/wp-content\/uploads\/2019\/06\/velocidad2.jpeg'><img loading=\"lazy\" decoding=\"async\" width=\"150\" height=\"150\" src=\"https:\/\/crc.org.ar\/w\/wp-content\/uploads\/2019\/06\/velocidad2-150x150.jpeg\" class=\"attachment-thumbnail size-thumbnail\" alt=\"\" \/><\/a>\n\t\t\t<\/div><\/figure><figure class='gallery-item'>\n\t\t\t<div class='gallery-icon landscape'>\n\t\t\t\t<a href='https:\/\/crc.org.ar\/w\/wp-content\/uploads\/2019\/06\/velocidad3.jpeg'><img loading=\"lazy\" decoding=\"async\" width=\"150\" height=\"150\" src=\"https:\/\/crc.org.ar\/w\/wp-content\/uploads\/2019\/06\/velocidad3-150x150.jpeg\" class=\"attachment-thumbnail size-thumbnail\" alt=\"\" \/><\/a>\n\t\t\t<\/div><\/figure><figure class='gallery-item'>\n\t\t\t<div class='gallery-icon landscape'>\n\t\t\t\t<a href='https:\/\/crc.org.ar\/w\/wp-content\/uploads\/2019\/06\/velocidad4.jpeg'><img loading=\"lazy\" decoding=\"async\" width=\"150\" height=\"150\" src=\"https:\/\/crc.org.ar\/w\/wp-content\/uploads\/2019\/06\/velocidad4-150x150.jpeg\" class=\"attachment-thumbnail size-thumbnail\" alt=\"\" \/><\/a>\n\t\t\t<\/div><\/figure><figure class='gallery-item'>\n\t\t\t<div class='gallery-icon landscape'>\n\t\t\t\t<a href='https:\/\/crc.org.ar\/w\/wp-content\/uploads\/2019\/06\/velocidad5.jpeg'><img loading=\"lazy\" decoding=\"async\" width=\"150\" height=\"150\" src=\"https:\/\/crc.org.ar\/w\/wp-content\/uploads\/2019\/06\/velocidad5-150x150.jpeg\" class=\"attachment-thumbnail size-thumbnail\" alt=\"\" \/><\/a>\n\t\t\t<\/div><\/figure><figure class='gallery-item'>\n\t\t\t<div class='gallery-icon landscape'>\n\t\t\t\t<a href='https:\/\/crc.org.ar\/w\/wp-content\/uploads\/2019\/06\/velocidad6.jpeg'><img loading=\"lazy\" decoding=\"async\" width=\"150\" height=\"150\" src=\"https:\/\/crc.org.ar\/w\/wp-content\/uploads\/2019\/06\/velocidad6-150x150.jpeg\" class=\"attachment-thumbnail size-thumbnail\" alt=\"\" \/><\/a>\n\t\t\t<\/div><\/figure><figure class='gallery-item'>\n\t\t\t<div class='gallery-icon landscape'>\n\t\t\t\t<a href='https:\/\/crc.org.ar\/w\/wp-content\/uploads\/2019\/06\/velocidad7.jpeg'><img loading=\"lazy\" decoding=\"async\" width=\"150\" height=\"150\" src=\"https:\/\/crc.org.ar\/w\/wp-content\/uploads\/2019\/06\/velocidad7-150x150.jpeg\" class=\"attachment-thumbnail size-thumbnail\" alt=\"\" \/><\/a>\n\t\t\t<\/div><\/figure><figure class='gallery-item'>\n\t\t\t<div class='gallery-icon landscape'>\n\t\t\t\t<a href='https:\/\/crc.org.ar\/w\/wp-content\/uploads\/2019\/06\/velocidad8.jpeg'><img loading=\"lazy\" decoding=\"async\" width=\"150\" height=\"150\" src=\"https:\/\/crc.org.ar\/w\/wp-content\/uploads\/2019\/06\/velocidad8-150x150.jpeg\" class=\"attachment-thumbnail size-thumbnail\" alt=\"\" \/><\/a>\n\t\t\t<\/div><\/figure>\n\t\t<\/div>\n\n<p><strong>\u00a0<\/strong><\/p>\n","protected":false},"excerpt":{"rendered":"<p>(Lunes 10 de junio de 2019). El pasado s\u00e1bado, se llev\u00f3 a cabo la regata de Velocidad del Club de Regatas Corrientes, preparatorio para el Encuentro Regional NEA que se llevar\u00e1 a cabo el pr\u00f3ximo 29 de junio en la playa Arazaty. Alrededor de treinta remeros compitieron en una docena de regatas. En una jornada &hellip;<\/p>\n","protected":false},"author":1,"featured_media":19778,"comment_status":"closed","ping_status":"closed","sticky":false,"template":"","format":"standard","meta":{"footnotes":""},"categories":[156,18],"tags":[],"_links":{"self":[{"href":"https:\/\/crc.org.ar\/w\/wp-json\/wp\/v2\/posts\/19776"}],"collection":[{"href":"https:\/\/crc.org.ar\/w\/wp-json\/wp\/v2\/posts"}],"about":[{"href":"https:\/\/crc.org.ar\/w\/wp-json\/wp\/v2\/types\/post"}],"author":[{"embeddable":true,"href":"https:\/\/crc.org.ar\/w\/wp-json\/wp\/v2\/users\/1"}],"replies":[{"embeddable":true,"href":"https:\/\/crc.org.ar\/w\/wp-json\/wp\/v2\/comments?post=19776"}],"version-history":[{"count":1,"href":"https:\/\/crc.org.ar\/w\/wp-json\/wp\/v2\/posts\/19776\/revisions"}],"predecessor-version":[{"id":19788,"href":"https:\/\/crc.org.ar\/w\/wp-json\/wp\/v2\/posts\/19776\/revisions\/19788"}],"wp:featuredmedia":[{"embeddable":true,"href":"https:\/\/crc.org.ar\/w\/wp-json\/wp\/v2\/media\/19778"}],"wp:attachment":[{"href":"https:\/\/crc.org.ar\/w\/wp-json\/wp\/v2\/media?parent=19776"}],"wp:term":[{"taxonomy":"category","embeddable":true,"href":"https:\/\/crc.org.ar\/w\/wp-json\/wp\/v2\/categories?post=19776"},{"taxonomy":"post_tag","embeddable":true,"href":"https:\/\/crc.org.ar\/w\/wp-json\/wp\/v2\/tags?post=19776"}],"curies":[{"name":"wp","href":"https:\/\/api.w.org\/{rel}","templated":true}]}}