{"id":19831,"date":"2019-06-11T22:52:22","date_gmt":"2019-06-12T01:52:22","guid":{"rendered":"https:\/\/crc.org.ar\/w\/?p=19831"},"modified":"2019-06-12T06:54:11","modified_gmt":"2019-06-12T09:54:11","slug":"regatas-quiere-acentuar-su-buen-andar-frente-a-1536-viviendas","status":"publish","type":"post","link":"https:\/\/crc.org.ar\/w\/regatas-quiere-acentuar-su-buen-andar-frente-a-1536-viviendas\/","title":{"rendered":"Regatas quiere acentuar su  buen andar frente a 1536 Viviendas"},"content":{"rendered":"<p>(Martes 11 de junio de 2019). Este mi\u00e9rcoles por la noche, en cancha de El Tala, Regatas Corrientes se estar\u00e1 enfrentando a 1536 Viviendas por la d\u00e9cimo segunda fecha de la Copa Palacio de la Primera Divisi\u00f3n de la ABCC.<\/p>\n<p><!--more--><\/p>\n<p><img loading=\"lazy\" decoding=\"async\" class=\"alignleft size-medium wp-image-19833\" src=\"https:\/\/crc.org.ar\/w\/wp-content\/uploads\/2019\/06\/mascaro-300x200.jpeg\" alt=\"\" width=\"300\" height=\"200\" srcset=\"https:\/\/crc.org.ar\/w\/wp-content\/uploads\/2019\/06\/mascaro-300x200.jpeg 300w, https:\/\/crc.org.ar\/w\/wp-content\/uploads\/2019\/06\/mascaro-768x512.jpeg 768w, https:\/\/crc.org.ar\/w\/wp-content\/uploads\/2019\/06\/mascaro.jpeg 920w\" sizes=\"(max-width: 300px) 100vw, 300px\" \/>Este mi\u00e9rcoles a primera hora de la noche de b\u00e1squetbol local, a partir de las 21 horas, Regatas Corrientes se estar\u00e1 midiendo con 1536 Viviendas en cancha de El Tala, en un cruce donde el \u201cremero\u201d buscar\u00e1 acentuar su buen andar de dos victorias seguidas, pensando en la semifinal del torneo.<\/p>\n<p>El duelo ser\u00e1 por la ante\u00faltima fecha de la Copa Palacio, aunque cabe recordar que la fecha 9\u00b0, donde Regatas qued\u00f3 libre, fue suspendida en su totalidad, por lo que se reprogram\u00f3 para la semana siguiente a la jornada 13\u00b0.<\/p>\n<p>Los de Juan Pablo Mascar\u00f3, que vienen de ganarle a H\u00e9rcules y a Sportivo en las dos \u00faltimas fechas, se ubican en la cuarta posici\u00f3n con 16 puntos (6-4), con un partido m\u00e1s que la mayor\u00eda de los equipos (solo Sportivo y Arroyito tienen su misma cantidad).<\/p>\n<p>Por su parte, el rival de turno, \u201cLas Mil\u201d, viene con un andar un poco m\u00e1s irregular, ganando 3 y perdiendo 6, por lo que suma 12 puntos en 9 fechas.<\/p>\n<p>El \u201cFantasma\u201d tendr\u00e1 en mente quedarse con este duelo, para lograr sus aspiraciones de clasificar a las semifinales de la Copa Palacio. Recordemos que luego solo le quedar\u00e1 la \u00faltima fecha que ser\u00e1 frente a C\u00f3rdoba el mi\u00e9rcoles de la semana siguiente.<\/p>\n","protected":false},"excerpt":{"rendered":"<p>(Martes 11 de junio de 2019). Este mi\u00e9rcoles por la noche, en cancha de El Tala, Regatas Corrientes se estar\u00e1 enfrentando a 1536 Viviendas por la d\u00e9cimo segunda fecha de la Copa Palacio de la Primera Divisi\u00f3n de la ABCC. Este mi\u00e9rcoles a primera hora de la noche de b\u00e1squetbol local, a partir de las &hellip;<\/p>\n","protected":false},"author":1,"featured_media":19832,"comment_status":"closed","ping_status":"closed","sticky":false,"template":"","format":"standard","meta":{"footnotes":""},"categories":[80,156],"tags":[],"_links":{"self":[{"href":"https:\/\/crc.org.ar\/w\/wp-json\/wp\/v2\/posts\/19831"}],"collection":[{"href":"https:\/\/crc.org.ar\/w\/wp-json\/wp\/v2\/posts"}],"about":[{"href":"https:\/\/crc.org.ar\/w\/wp-json\/wp\/v2\/types\/post"}],"author":[{"embeddable":true,"href":"https:\/\/crc.org.ar\/w\/wp-json\/wp\/v2\/users\/1"}],"replies":[{"embeddable":true,"href":"https:\/\/crc.org.ar\/w\/wp-json\/wp\/v2\/comments?post=19831"}],"version-history":[{"count":1,"href":"https:\/\/crc.org.ar\/w\/wp-json\/wp\/v2\/posts\/19831\/revisions"}],"predecessor-version":[{"id":19834,"href":"https:\/\/crc.org.ar\/w\/wp-json\/wp\/v2\/posts\/19831\/revisions\/19834"}],"wp:featuredmedia":[{"embeddable":true,"href":"https:\/\/crc.org.ar\/w\/wp-json\/wp\/v2\/media\/19832"}],"wp:attachment":[{"href":"https:\/\/crc.org.ar\/w\/wp-json\/wp\/v2\/media?parent=19831"}],"wp:term":[{"taxonomy":"category","embeddable":true,"href":"https:\/\/crc.org.ar\/w\/wp-json\/wp\/v2\/categories?post=19831"},{"taxonomy":"post_tag","embeddable":true,"href":"https:\/\/crc.org.ar\/w\/wp-json\/wp\/v2\/tags?post=19831"}],"curies":[{"name":"wp","href":"https:\/\/api.w.org\/{rel}","templated":true}]}}