{"id":19922,"date":"2019-06-16T23:54:09","date_gmt":"2019-06-17T02:54:09","guid":{"rendered":"https:\/\/crc.org.ar\/w\/?p=19922"},"modified":"2019-06-16T23:54:09","modified_gmt":"2019-06-17T02:54:09","slug":"abierto-dia-de-la-bandera-en-regatas","status":"publish","type":"post","link":"https:\/\/crc.org.ar\/w\/abierto-dia-de-la-bandera-en-regatas\/","title":{"rendered":"Abierto \u201cD\u00eda de la Bandera\u201d en Regatas"},"content":{"rendered":"<p>(Domingo 16 de junio de 2019). El pr\u00f3ximo jueves, a partir de las 9 hs., en el estadio del Club de Regatas Corrientes, se llevar\u00e1 a cabo el Torneo Abierto \u201cD\u00eda de la Bandera\u201d de tenis mesa, el tercero de estas caracter\u00edsticas. Se encuentra abierta la inscripci\u00f3n.<!--more--><\/p>\n<p><a href=\"https:\/\/crc.org.ar\/w\/wp-content\/uploads\/2019\/06\/TdM.jpeg\"><img loading=\"lazy\" decoding=\"async\" class=\"alignright size-medium wp-image-19923\" src=\"https:\/\/crc.org.ar\/w\/wp-content\/uploads\/2019\/06\/TdM-300x170.jpeg\" alt=\"\" width=\"300\" height=\"170\" srcset=\"https:\/\/crc.org.ar\/w\/wp-content\/uploads\/2019\/06\/TdM-300x170.jpeg 300w, https:\/\/crc.org.ar\/w\/wp-content\/uploads\/2019\/06\/TdM.jpeg 640w\" sizes=\"(max-width: 300px) 100vw, 300px\" \/><\/a>La subcomisi\u00f3n de tenis de mesa del Club de Regatas Corrientes organizar\u00e1 el pr\u00f3ximo jueves el III Torneo Abierto de la especialidad, en esta oportunidad en homenaje al\u00a0 \u201cD\u00eda de la Bandera\u201d.<\/p>\n<p>Recordemos que en abril pasado, la subcomisi\u00f3n de tenis de mesa \u201cremera\u201d organiz\u00f3 el I Abierto 2019, en ese caso por el\u00a0 \u201cD\u00eda Mundial del Tenis de Mesa\u201d, y contin\u00fao en mayo con el II torneo &#8220;D\u00eda de la Patria&#8221;.<\/p>\n<p>Ahora, el III Abierto, que se llevar\u00e1 a cabo en el estadio &#8220;Jos\u00e9 Jorge Contte&#8221;,\u00a0 comenzar\u00e1 a las 9 horas, con las categor\u00edas Promocional Menores, Damas y Tercera, y continuar\u00e1 a las 11.30 con la categor\u00eda Promocional Mayores y Segunda.<\/p>\n<p>En tanto por la tarde, las 16 horas, ser\u00e1 el turno de la categor\u00eda Primera, y a las 18 la atracci\u00f3n del Dobles (Libre); en una competencia en donde ya est\u00e1 abierta la inscripci\u00f3n en los tel\u00e9fonos 3794 \u2013 967829 y 3794 &#8211; 001031 .<\/p>\n","protected":false},"excerpt":{"rendered":"<p>(Domingo 16 de junio de 2019). El pr\u00f3ximo jueves, a partir de las 9 hs., en el estadio del Club de Regatas Corrientes, se llevar\u00e1 a cabo el Torneo Abierto \u201cD\u00eda de la Bandera\u201d de tenis mesa, el tercero de estas caracter\u00edsticas. Se encuentra abierta la inscripci\u00f3n. La subcomisi\u00f3n de tenis de mesa del Club &hellip;<\/p>\n","protected":false},"author":1,"featured_media":19924,"comment_status":"closed","ping_status":"closed","sticky":false,"template":"","format":"standard","meta":{"footnotes":""},"categories":[156,13],"tags":[],"_links":{"self":[{"href":"https:\/\/crc.org.ar\/w\/wp-json\/wp\/v2\/posts\/19922"}],"collection":[{"href":"https:\/\/crc.org.ar\/w\/wp-json\/wp\/v2\/posts"}],"about":[{"href":"https:\/\/crc.org.ar\/w\/wp-json\/wp\/v2\/types\/post"}],"author":[{"embeddable":true,"href":"https:\/\/crc.org.ar\/w\/wp-json\/wp\/v2\/users\/1"}],"replies":[{"embeddable":true,"href":"https:\/\/crc.org.ar\/w\/wp-json\/wp\/v2\/comments?post=19922"}],"version-history":[{"count":1,"href":"https:\/\/crc.org.ar\/w\/wp-json\/wp\/v2\/posts\/19922\/revisions"}],"predecessor-version":[{"id":19925,"href":"https:\/\/crc.org.ar\/w\/wp-json\/wp\/v2\/posts\/19922\/revisions\/19925"}],"wp:featuredmedia":[{"embeddable":true,"href":"https:\/\/crc.org.ar\/w\/wp-json\/wp\/v2\/media\/19924"}],"wp:attachment":[{"href":"https:\/\/crc.org.ar\/w\/wp-json\/wp\/v2\/media?parent=19922"}],"wp:term":[{"taxonomy":"category","embeddable":true,"href":"https:\/\/crc.org.ar\/w\/wp-json\/wp\/v2\/categories?post=19922"},{"taxonomy":"post_tag","embeddable":true,"href":"https:\/\/crc.org.ar\/w\/wp-json\/wp\/v2\/tags?post=19922"}],"curies":[{"name":"wp","href":"https:\/\/api.w.org\/{rel}","templated":true}]}}