{"id":20033,"date":"2019-06-20T12:31:52","date_gmt":"2019-06-20T15:31:52","guid":{"rendered":"https:\/\/crc.org.ar\/w\/?p=20033"},"modified":"2019-06-20T12:32:27","modified_gmt":"2019-06-20T15:32:27","slug":"regatas-le-gano-a-cordoba-y-mantiene-esperanzas-de-clasificar","status":"publish","type":"post","link":"https:\/\/crc.org.ar\/w\/regatas-le-gano-a-cordoba-y-mantiene-esperanzas-de-clasificar\/","title":{"rendered":"Regatas le gan\u00f3 a C\u00f3rdoba y mantiene esperanzas de clasificar"},"content":{"rendered":"<p>(Jueves 20 de junio de 2019). Regatas le gan\u00f3 a C\u00f3rdoba en condici\u00f3n de visitante por 75 a 58, por la \u00faltima fecha de la Copa Palacio de Primera Divisi\u00f3n, y mantiene intacta sus esperanzas de alcanzar las semifinales del torneo, aunque depende de otros resultados.<!--more--><\/p>\n<p>El mi\u00e9rcoles por la noche, en el estadio \u201cMariano Andino Igarz\u00e1bal\u201d, Regatas se midi\u00f3 frente al local C\u00f3rdoba, por la d\u00e9cimo tercera y \u00faltima fecha de la Copa Palacio de Primera Divisi\u00f3n de la Asociaci\u00f3n de B\u00e1squet de la Ciudad de Corrientes (ABCC), en un duelo de rivales directos.<\/p>\n<p>Tras el salto inicial, el \u201cremero\u201d r\u00e1pidamente pudo acomodarse arriba en el marcador, proponiendo una dura defensa y corriendo la cancha, donde logr\u00f3 sacar 6 de luz en poco m\u00e1s de 6 minutos de juego, 11 a 5. Regatas mantuvo la solidez defensiva y logr\u00f3 estar 15 a 7 arriba, aunque un triple de Zacar\u00edas, en los segundos finales, cerr\u00f3 el primer cuarto 15 a 10.<\/p>\n<p>En el segundo parcial, el \u201cfantasma\u201d manej\u00f3 bien el juego, logrando buen juego colectivo en el ataque, reparti\u00e9ndose muy bien el goleo, y consiguiendo goles de contrataque, mientras que C\u00f3rdoba, se mantuvo en partido de la mano de Galmarini, quien anot\u00f3 7 de los 13 puntos de su equipo en el periodo, cerrando el primer tiempo 33 a 23 en favor de la visita.<\/p>\n<p>Luego del descanso largo, Regatas pis\u00f3 m\u00e1s a\u00fan el acelerador, sobre todo con un gran aporte en\u00a0 ataque de Turraca (5 puntos) y de Gonz\u00e1lez Nadal (7 en el cuarto), inclinando la balanza a su favor. Por su parte, los locales encontraron mayor facilidad para llegar al gol, pero les cost\u00f3 la defensa, yendo al \u00faltimo descanso abajo por 40 a 57.<\/p>\n<p>Si bien, parec\u00eda que el \u201cremero\u201d hab\u00eda conseguido una ventaja muy tranquilizadora, C\u00f3rdoba reaccion\u00f3 muy r\u00e1pidamente en el \u00faltimo periodo, consiguiendo un parcial de 12 a 3, con 8 puntos seguidos de \u201cChecho\u201d Zacar\u00edas, en menos de 5 minutos de juego. Sin embargo, Regatas volvi\u00f3 a frenar la embestida rival con buenas defensas, mientras que en la ofensiva pudo aprovechar con eficacia las oportunidades desde la l\u00ednea de simple.<\/p>\n<p>Ya con 3 minutos por jugar, y con el \u201cfantasma\u201d dominando las acciones, la expulsi\u00f3n del juego de Manuel Ram\u00edrez, base y capit\u00e1n de C\u00f3rdoba, el juego se termin\u00f3 de quebrar en favor de la visita, cerr\u00e1ndose as\u00ed el tel\u00f3n por 75 a 58.<\/p>\n<p>Con la victoria, Regatas acumula su cuarta victoria en fila, y mantiene esperanzas de clasificar a las semifinales. Aunque ya no depende m\u00e1s de s\u00ed, ahora debe esperar que, en la novena fecha, que se reprogram\u00f3 para el mi\u00e9rcoles que viene, C\u00f3rdoba caiga contra Juventus o Ping\u00fcinos no derrote a H\u00e9rcules. Si se dan ambos resultados Regatas quedar\u00eda en tercer lugar, en caso de darse solo una posibilidad, quedar\u00eda en el cuarto puesto.<\/p>\n<p><strong>LA S\u00cdNTESIS<\/strong><\/p>\n<p><strong>C\u00f3rdoba (58): <\/strong>Manuel Ram\u00edrez 4 (xx), Juan Ignacio Arengo 5, Mauro Sosa 8, Sergio Zacar\u00edas 19 y Mat\u00edas Arguello 0 (FI); Nicol\u00e1s Galmarini 14, Franco Guti\u00e9rrez 6 e Ignacio Valenzuela 2. <strong>DT: <\/strong>Germ\u00e1n \u201cChiche\u201d Rold\u00e1n.<\/p>\n<p><strong>Regatas (75):<\/strong> Enzo Alvaredo 4, Gast\u00f3n Turraca 14, Facundo Gonz\u00e1lez 3, Juan Ignacio Gonz\u00e1lez Nadal 14 y Franco Zalazar 10 (FI); Joaqu\u00edn Marc\u00f3n 7, Fabio Gauto 10, Joaqu\u00edn Sosa 8, Andr\u00e9s Bodach 4 e Ignacio Marc\u00f3 1. <strong>DT: <\/strong>Juan Pablo Mascar\u00f3.<\/p>\n<p><strong>Parciales: <\/strong>10\/15, 23\/33 (13\/18), 40\/57 (17\/24), 58\/75 (18\/18).<\/p>\n<p><strong>Jueces: <\/strong>Guido Estigarribia e Ignacio Leiva. <strong>Estadio: <\/strong>Mariano Andino Igarz\u00e1bal.<\/p>\n<div id='gallery-1' class='gallery galleryid-20033 gallery-columns-5 gallery-size-thumbnail'><figure class='gallery-item'>\n\t\t\t<div class='gallery-icon landscape'>\n\t\t\t\t<a href='https:\/\/crc.org.ar\/w\/wp-content\/uploads\/2019\/06\/Bodach.jpeg'><img loading=\"lazy\" decoding=\"async\" width=\"150\" height=\"150\" src=\"https:\/\/crc.org.ar\/w\/wp-content\/uploads\/2019\/06\/Bodach-150x150.jpeg\" class=\"attachment-thumbnail size-thumbnail\" alt=\"\" \/><\/a>\n\t\t\t<\/div><\/figure><figure class='gallery-item'>\n\t\t\t<div class='gallery-icon landscape'>\n\t\t\t\t<a href='https:\/\/crc.org.ar\/w\/wp-content\/uploads\/2019\/06\/Gauto.jpeg'><img loading=\"lazy\" decoding=\"async\" width=\"150\" height=\"150\" src=\"https:\/\/crc.org.ar\/w\/wp-content\/uploads\/2019\/06\/Gauto-150x150.jpeg\" class=\"attachment-thumbnail size-thumbnail\" alt=\"\" \/><\/a>\n\t\t\t<\/div><\/figure><figure class='gallery-item'>\n\t\t\t<div class='gallery-icon portrait'>\n\t\t\t\t<a href='https:\/\/crc.org.ar\/w\/wp-content\/uploads\/2019\/06\/Gauto1.jpeg'><img loading=\"lazy\" decoding=\"async\" width=\"150\" height=\"150\" src=\"https:\/\/crc.org.ar\/w\/wp-content\/uploads\/2019\/06\/Gauto1-150x150.jpeg\" class=\"attachment-thumbnail size-thumbnail\" alt=\"\" \/><\/a>\n\t\t\t<\/div><\/figure><figure class='gallery-item'>\n\t\t\t<div class='gallery-icon landscape'>\n\t\t\t\t<a href='https:\/\/crc.org.ar\/w\/wp-content\/uploads\/2019\/06\/Gonzalez-Nadal.jpeg'><img loading=\"lazy\" decoding=\"async\" width=\"150\" height=\"150\" src=\"https:\/\/crc.org.ar\/w\/wp-content\/uploads\/2019\/06\/Gonzalez-Nadal-150x150.jpeg\" class=\"attachment-thumbnail size-thumbnail\" alt=\"\" \/><\/a>\n\t\t\t<\/div><\/figure><figure class='gallery-item'>\n\t\t\t<div class='gallery-icon landscape'>\n\t\t\t\t<a href='https:\/\/crc.org.ar\/w\/wp-content\/uploads\/2019\/06\/Sosa-3.jpeg'><img loading=\"lazy\" decoding=\"async\" width=\"150\" height=\"150\" src=\"https:\/\/crc.org.ar\/w\/wp-content\/uploads\/2019\/06\/Sosa-3-150x150.jpeg\" class=\"attachment-thumbnail size-thumbnail\" alt=\"\" \/><\/a>\n\t\t\t<\/div><\/figure><figure class='gallery-item'>\n\t\t\t<div class='gallery-icon landscape'>\n\t\t\t\t<a href='https:\/\/crc.org.ar\/w\/wp-content\/uploads\/2019\/06\/sosa1.jpeg'><img loading=\"lazy\" decoding=\"async\" width=\"150\" height=\"150\" src=\"https:\/\/crc.org.ar\/w\/wp-content\/uploads\/2019\/06\/sosa1-150x150.jpeg\" class=\"attachment-thumbnail size-thumbnail\" alt=\"\" \/><\/a>\n\t\t\t<\/div><\/figure><figure class='gallery-item'>\n\t\t\t<div class='gallery-icon landscape'>\n\t\t\t\t<a href='https:\/\/crc.org.ar\/w\/wp-content\/uploads\/2019\/06\/Turraca-3.jpeg'><img loading=\"lazy\" decoding=\"async\" width=\"150\" height=\"150\" src=\"https:\/\/crc.org.ar\/w\/wp-content\/uploads\/2019\/06\/Turraca-3-150x150.jpeg\" class=\"attachment-thumbnail size-thumbnail\" alt=\"\" \/><\/a>\n\t\t\t<\/div><\/figure><figure class='gallery-item'>\n\t\t\t<div class='gallery-icon landscape'>\n\t\t\t\t<a href='https:\/\/crc.org.ar\/w\/wp-content\/uploads\/2019\/06\/Turraca1.jpeg'><img loading=\"lazy\" decoding=\"async\" width=\"150\" height=\"150\" src=\"https:\/\/crc.org.ar\/w\/wp-content\/uploads\/2019\/06\/Turraca1-150x150.jpeg\" class=\"attachment-thumbnail size-thumbnail\" alt=\"\" \/><\/a>\n\t\t\t<\/div><\/figure><figure class='gallery-item'>\n\t\t\t<div class='gallery-icon portrait'>\n\t\t\t\t<a href='https:\/\/crc.org.ar\/w\/wp-content\/uploads\/2019\/06\/Zalazar.jpeg'><img loading=\"lazy\" decoding=\"async\" width=\"150\" height=\"150\" src=\"https:\/\/crc.org.ar\/w\/wp-content\/uploads\/2019\/06\/Zalazar-150x150.jpeg\" class=\"attachment-thumbnail size-thumbnail\" alt=\"\" \/><\/a>\n\t\t\t<\/div><\/figure><figure class='gallery-item'>\n\t\t\t<div class='gallery-icon landscape'>\n\t\t\t\t<a href='https:\/\/crc.org.ar\/w\/wp-content\/uploads\/2019\/06\/Zalazar1.jpeg'><img loading=\"lazy\" decoding=\"async\" width=\"150\" height=\"150\" src=\"https:\/\/crc.org.ar\/w\/wp-content\/uploads\/2019\/06\/Zalazar1-150x150.jpeg\" class=\"attachment-thumbnail size-thumbnail\" alt=\"\" \/><\/a>\n\t\t\t<\/div><\/figure>\n\t\t<\/div>\n\n","protected":false},"excerpt":{"rendered":"<p>(Jueves 20 de junio de 2019). Regatas le gan\u00f3 a C\u00f3rdoba en condici\u00f3n de visitante por 75 a 58, por la \u00faltima fecha de la Copa Palacio de Primera Divisi\u00f3n, y mantiene intacta sus esperanzas de alcanzar las semifinales del torneo, aunque depende de otros resultados. El mi\u00e9rcoles por la noche, en el estadio \u201cMariano &hellip;<\/p>\n","protected":false},"author":1,"featured_media":20044,"comment_status":"closed","ping_status":"closed","sticky":false,"template":"","format":"standard","meta":{"footnotes":""},"categories":[80,156],"tags":[],"_links":{"self":[{"href":"https:\/\/crc.org.ar\/w\/wp-json\/wp\/v2\/posts\/20033"}],"collection":[{"href":"https:\/\/crc.org.ar\/w\/wp-json\/wp\/v2\/posts"}],"about":[{"href":"https:\/\/crc.org.ar\/w\/wp-json\/wp\/v2\/types\/post"}],"author":[{"embeddable":true,"href":"https:\/\/crc.org.ar\/w\/wp-json\/wp\/v2\/users\/1"}],"replies":[{"embeddable":true,"href":"https:\/\/crc.org.ar\/w\/wp-json\/wp\/v2\/comments?post=20033"}],"version-history":[{"count":1,"href":"https:\/\/crc.org.ar\/w\/wp-json\/wp\/v2\/posts\/20033\/revisions"}],"predecessor-version":[{"id":20045,"href":"https:\/\/crc.org.ar\/w\/wp-json\/wp\/v2\/posts\/20033\/revisions\/20045"}],"wp:featuredmedia":[{"embeddable":true,"href":"https:\/\/crc.org.ar\/w\/wp-json\/wp\/v2\/media\/20044"}],"wp:attachment":[{"href":"https:\/\/crc.org.ar\/w\/wp-json\/wp\/v2\/media?parent=20033"}],"wp:term":[{"taxonomy":"category","embeddable":true,"href":"https:\/\/crc.org.ar\/w\/wp-json\/wp\/v2\/categories?post=20033"},{"taxonomy":"post_tag","embeddable":true,"href":"https:\/\/crc.org.ar\/w\/wp-json\/wp\/v2\/tags?post=20033"}],"curies":[{"name":"wp","href":"https:\/\/api.w.org\/{rel}","templated":true}]}}