{"id":20078,"date":"2019-06-23T21:16:49","date_gmt":"2019-06-24T00:16:49","guid":{"rendered":"https:\/\/crc.org.ar\/w\/?p=20078"},"modified":"2019-06-23T21:20:08","modified_gmt":"2019-06-24T00:20:08","slug":"fernan-vilte-bosch-gano-el-abierto-dia-de-la-bandera","status":"publish","type":"post","link":"https:\/\/crc.org.ar\/w\/fernan-vilte-bosch-gano-el-abierto-dia-de-la-bandera\/","title":{"rendered":"Fern\u00e1n Vilte Bosch gan\u00f3 el Abierto \u201cD\u00eda de la Bandera\u201d"},"content":{"rendered":"<p>(Domingo 23 de junio de 2019). El representante del Club de Regatas Corrientes, <strong>Fern\u00e1n Vilte Bosch<\/strong> super\u00f3 a otro &#8220;remero&#8221; <strong>Federico Gallardo<\/strong> en la final de Primera Caballeros por\u00a0 3 set a 2 y se qued\u00f3 con el Torneo Abierto \u201cD\u00eda de la Bandera\u201d de tenis mesa.<!--more--><\/p>\n<p>En una final no apta para card\u00edacos, <strong>Fern\u00e1n Vilte Bosch<\/strong> (CRC) super\u00f3 a <strong>Federico Gallardo<\/strong> (CRC) 3 set a 2, con parciales de 5-11, 11-5, 8-11, 11-7 y 13-11, para quedarse con el III Abierto de tenis de mesa, homenaje al\u00a0 \u201cD\u00eda de la Bandera\u201d.<\/p>\n<p>El III Abierto, que se llev\u00f3 a cabo en el estadio \u201cJos\u00e9 Jorge Contte\u201d,\u00a0 fue todo un \u00e9xito organizativo y cont\u00f3 con la participaci\u00f3n de jugadores de las categor\u00edas Promocionales Menores y Mayores, Damas, y Caballeros en Primera, Segunda y Tercera.<\/p>\n<p>Nuevamente la categor\u00eda Dobles fue la vedette de la competencia, con atrayentes encuentros en donde los participantes demostraron su t\u00e9cnica individual, pero tambi\u00e9n su coordinaci\u00f3n con su compa\u00f1ero.<\/p>\n<p><strong>TODOS LOS PODIOS<\/strong><\/p>\n<p><strong>Primera: <\/strong>1- Fern\u00e1n Vilte Bosch, 2- Federico Gallardo, y 3- Alfredo Puga, y Cayetano Troia.<\/p>\n<p><strong>Segunda<\/strong>: 1- Maikel Sitja , 2- Ricardo Fidanza, y 3 Lautaro P\u00e9rez Rico, y Carlos N\u00fa\u00f1ez.<\/p>\n<p><strong>Tercera<\/strong>: 1- Mat\u00edas M\u00e9ndez, 2- Roberto Acosta, y 3- Rodrigo Meda, y Guillermo Denis.<\/p>\n<p><strong>Damas<\/strong>: 1- D\u00e9bora Romero, 2- Miryam Giardinieri, y 3- Graciela Tannure, y Mar\u00eda Teresa Pozzi.<\/p>\n<p><strong>Promocionales Menores<\/strong>: 1- Rodrigo Meda, 2- Gabriel Montiel, y 3- Lucas Servello, y Franco Zambrano.<\/p>\n<p><strong>Promocionales Mayores:<\/strong> 1- Francisco Mantilla, 2- Iv\u00e1n Rosetti, y 3- Roc\u00edo Acosta.<\/p>\n<p><strong>Dobles:<\/strong> 1- Federico Gallardo &#8211; Jos\u00e9 Lautaro Troia, 2- Mat\u00edas Vilte Bosch &#8211; Fern\u00e1n\u00a0 Vilte Vosch, y 3- Carlos N\u00fa\u00f1ez &#8211; Nicol\u00e1s N\u00fa\u00f1ez y Hido Fidanza &#8211; Enzo C\u00e1mula Enzo.<\/p>\n<div id='gallery-1' class='gallery galleryid-20078 gallery-columns-5 gallery-size-thumbnail'><figure class='gallery-item'>\n\t\t\t<div class='gallery-icon landscape'>\n\t\t\t\t<a href='https:\/\/crc.org.ar\/w\/wp-content\/uploads\/2019\/06\/podio-damas.jpg'><img loading=\"lazy\" decoding=\"async\" width=\"150\" height=\"150\" src=\"https:\/\/crc.org.ar\/w\/wp-content\/uploads\/2019\/06\/podio-damas-150x150.jpg\" class=\"attachment-thumbnail size-thumbnail\" alt=\"\" \/><\/a>\n\t\t\t<\/div><\/figure><figure class='gallery-item'>\n\t\t\t<div class='gallery-icon landscape'>\n\t\t\t\t<a href='https:\/\/crc.org.ar\/w\/wp-content\/uploads\/2019\/06\/Podio-Primera.jpg'><img loading=\"lazy\" decoding=\"async\" width=\"150\" height=\"150\" src=\"https:\/\/crc.org.ar\/w\/wp-content\/uploads\/2019\/06\/Podio-Primera-150x150.jpg\" class=\"attachment-thumbnail size-thumbnail\" alt=\"\" \/><\/a>\n\t\t\t<\/div><\/figure><figure class='gallery-item'>\n\t\t\t<div class='gallery-icon landscape'>\n\t\t\t\t<a href='https:\/\/crc.org.ar\/w\/wp-content\/uploads\/2019\/06\/podio-segunda.jpg'><img loading=\"lazy\" decoding=\"async\" width=\"150\" height=\"150\" src=\"https:\/\/crc.org.ar\/w\/wp-content\/uploads\/2019\/06\/podio-segunda-150x150.jpg\" class=\"attachment-thumbnail size-thumbnail\" alt=\"\" \/><\/a>\n\t\t\t<\/div><\/figure><figure class='gallery-item'>\n\t\t\t<div class='gallery-icon landscape'>\n\t\t\t\t<a href='https:\/\/crc.org.ar\/w\/wp-content\/uploads\/2019\/06\/promocionales-menores.jpg'><img loading=\"lazy\" decoding=\"async\" width=\"150\" height=\"150\" src=\"https:\/\/crc.org.ar\/w\/wp-content\/uploads\/2019\/06\/promocionales-menores-150x150.jpg\" class=\"attachment-thumbnail size-thumbnail\" alt=\"\" \/><\/a>\n\t\t\t<\/div><\/figure><figure class='gallery-item'>\n\t\t\t<div class='gallery-icon landscape'>\n\t\t\t\t<a href='https:\/\/crc.org.ar\/w\/wp-content\/uploads\/2019\/06\/tdm.jpeg'><img loading=\"lazy\" decoding=\"async\" width=\"150\" height=\"150\" src=\"https:\/\/crc.org.ar\/w\/wp-content\/uploads\/2019\/06\/tdm-150x150.jpeg\" class=\"attachment-thumbnail size-thumbnail\" alt=\"\" \/><\/a>\n\t\t\t<\/div><\/figure><figure class='gallery-item'>\n\t\t\t<div class='gallery-icon landscape'>\n\t\t\t\t<a href='https:\/\/crc.org.ar\/w\/wp-content\/uploads\/2019\/06\/tdm1.jpeg'><img loading=\"lazy\" decoding=\"async\" width=\"150\" height=\"150\" src=\"https:\/\/crc.org.ar\/w\/wp-content\/uploads\/2019\/06\/tdm1-150x150.jpeg\" class=\"attachment-thumbnail size-thumbnail\" alt=\"\" \/><\/a>\n\t\t\t<\/div><\/figure><figure class='gallery-item'>\n\t\t\t<div class='gallery-icon landscape'>\n\t\t\t\t<a href='https:\/\/crc.org.ar\/w\/wp-content\/uploads\/2019\/06\/tdm2.jpeg'><img loading=\"lazy\" decoding=\"async\" width=\"150\" height=\"150\" src=\"https:\/\/crc.org.ar\/w\/wp-content\/uploads\/2019\/06\/tdm2-150x150.jpeg\" class=\"attachment-thumbnail size-thumbnail\" alt=\"\" \/><\/a>\n\t\t\t<\/div><\/figure><figure class='gallery-item'>\n\t\t\t<div class='gallery-icon landscape'>\n\t\t\t\t<a href='https:\/\/crc.org.ar\/w\/wp-content\/uploads\/2019\/06\/tdm3.jpeg'><img loading=\"lazy\" decoding=\"async\" width=\"150\" height=\"150\" src=\"https:\/\/crc.org.ar\/w\/wp-content\/uploads\/2019\/06\/tdm3-150x150.jpeg\" class=\"attachment-thumbnail size-thumbnail\" alt=\"\" \/><\/a>\n\t\t\t<\/div><\/figure><figure class='gallery-item'>\n\t\t\t<div class='gallery-icon landscape'>\n\t\t\t\t<a href='https:\/\/crc.org.ar\/w\/wp-content\/uploads\/2019\/06\/tdm4.jpeg'><img loading=\"lazy\" decoding=\"async\" width=\"150\" height=\"150\" src=\"https:\/\/crc.org.ar\/w\/wp-content\/uploads\/2019\/06\/tdm4-150x150.jpeg\" class=\"attachment-thumbnail size-thumbnail\" alt=\"\" \/><\/a>\n\t\t\t<\/div><\/figure><figure class='gallery-item'>\n\t\t\t<div class='gallery-icon landscape'>\n\t\t\t\t<a href='https:\/\/crc.org.ar\/w\/wp-content\/uploads\/2019\/06\/tdm5.jpeg'><img loading=\"lazy\" decoding=\"async\" width=\"150\" height=\"150\" src=\"https:\/\/crc.org.ar\/w\/wp-content\/uploads\/2019\/06\/tdm5-150x150.jpeg\" class=\"attachment-thumbnail size-thumbnail\" alt=\"\" \/><\/a>\n\t\t\t<\/div><\/figure><figure class='gallery-item'>\n\t\t\t<div class='gallery-icon landscape'>\n\t\t\t\t<a href='https:\/\/crc.org.ar\/w\/wp-content\/uploads\/2019\/06\/tdm6.jpeg'><img loading=\"lazy\" decoding=\"async\" width=\"150\" height=\"150\" src=\"https:\/\/crc.org.ar\/w\/wp-content\/uploads\/2019\/06\/tdm6-150x150.jpeg\" class=\"attachment-thumbnail size-thumbnail\" alt=\"\" \/><\/a>\n\t\t\t<\/div><\/figure><figure class='gallery-item'>\n\t\t\t<div class='gallery-icon landscape'>\n\t\t\t\t<a href='https:\/\/crc.org.ar\/w\/wp-content\/uploads\/2019\/06\/tdm7.jpeg'><img loading=\"lazy\" decoding=\"async\" width=\"150\" height=\"150\" src=\"https:\/\/crc.org.ar\/w\/wp-content\/uploads\/2019\/06\/tdm7-150x150.jpeg\" class=\"attachment-thumbnail size-thumbnail\" alt=\"\" \/><\/a>\n\t\t\t<\/div><\/figure><figure class='gallery-item'>\n\t\t\t<div class='gallery-icon landscape'>\n\t\t\t\t<a href='https:\/\/crc.org.ar\/w\/wp-content\/uploads\/2019\/06\/tdm8.jpeg'><img loading=\"lazy\" decoding=\"async\" width=\"150\" height=\"150\" src=\"https:\/\/crc.org.ar\/w\/wp-content\/uploads\/2019\/06\/tdm8-150x150.jpeg\" class=\"attachment-thumbnail size-thumbnail\" alt=\"\" \/><\/a>\n\t\t\t<\/div><\/figure><figure class='gallery-item'>\n\t\t\t<div class='gallery-icon landscape'>\n\t\t\t\t<a href='https:\/\/crc.org.ar\/w\/wp-content\/uploads\/2019\/06\/tdm9.jpeg'><img loading=\"lazy\" decoding=\"async\" width=\"150\" height=\"150\" src=\"https:\/\/crc.org.ar\/w\/wp-content\/uploads\/2019\/06\/tdm9-150x150.jpeg\" class=\"attachment-thumbnail size-thumbnail\" alt=\"\" \/><\/a>\n\t\t\t<\/div><\/figure>\n\t\t<\/div>\n\n","protected":false},"excerpt":{"rendered":"<p>(Domingo 23 de junio de 2019). El representante del Club de Regatas Corrientes, Fern\u00e1n Vilte Bosch super\u00f3 a otro &#8220;remero&#8221; Federico Gallardo en la final de Primera Caballeros por\u00a0 3 set a 2 y se qued\u00f3 con el Torneo Abierto \u201cD\u00eda de la Bandera\u201d de tenis mesa. En una final no apta para card\u00edacos, Fern\u00e1n &hellip;<\/p>\n","protected":false},"author":1,"featured_media":20090,"comment_status":"closed","ping_status":"closed","sticky":false,"template":"","format":"standard","meta":{"footnotes":""},"categories":[156,13],"tags":[],"_links":{"self":[{"href":"https:\/\/crc.org.ar\/w\/wp-json\/wp\/v2\/posts\/20078"}],"collection":[{"href":"https:\/\/crc.org.ar\/w\/wp-json\/wp\/v2\/posts"}],"about":[{"href":"https:\/\/crc.org.ar\/w\/wp-json\/wp\/v2\/types\/post"}],"author":[{"embeddable":true,"href":"https:\/\/crc.org.ar\/w\/wp-json\/wp\/v2\/users\/1"}],"replies":[{"embeddable":true,"href":"https:\/\/crc.org.ar\/w\/wp-json\/wp\/v2\/comments?post=20078"}],"version-history":[{"count":1,"href":"https:\/\/crc.org.ar\/w\/wp-json\/wp\/v2\/posts\/20078\/revisions"}],"predecessor-version":[{"id":20093,"href":"https:\/\/crc.org.ar\/w\/wp-json\/wp\/v2\/posts\/20078\/revisions\/20093"}],"wp:featuredmedia":[{"embeddable":true,"href":"https:\/\/crc.org.ar\/w\/wp-json\/wp\/v2\/media\/20090"}],"wp:attachment":[{"href":"https:\/\/crc.org.ar\/w\/wp-json\/wp\/v2\/media?parent=20078"}],"wp:term":[{"taxonomy":"category","embeddable":true,"href":"https:\/\/crc.org.ar\/w\/wp-json\/wp\/v2\/categories?post=20078"},{"taxonomy":"post_tag","embeddable":true,"href":"https:\/\/crc.org.ar\/w\/wp-json\/wp\/v2\/tags?post=20078"}],"curies":[{"name":"wp","href":"https:\/\/api.w.org\/{rel}","templated":true}]}}