{"id":20115,"date":"2019-06-24T11:29:33","date_gmt":"2019-06-24T14:29:33","guid":{"rendered":"https:\/\/crc.org.ar\/w\/?p=20115"},"modified":"2019-06-24T11:30:13","modified_gmt":"2019-06-24T14:30:13","slug":"corrientes-al-argentino-u19-con-cuatro-remeros","status":"publish","type":"post","link":"https:\/\/crc.org.ar\/w\/corrientes-al-argentino-u19-con-cuatro-remeros\/","title":{"rendered":"Corrientes al Argentino U19 con cuatro \u201cremeros\u201d"},"content":{"rendered":"<p>(Viernes 21 de junio de 2019). La Selecci\u00f3n provincial correntina gan\u00f3 el pasado fin de semana en el Torneo Regional del NEA de la categor\u00eda U19, y sac\u00f3 boleto para el Campeonato Argentino de la categor\u00eda. Corrientes cont\u00f3 en sus filas con cuatro \u201cremeros\u201d.<!--more--><\/p>\n<p><a href=\"https:\/\/crc.org.ar\/w\/wp-content\/uploads\/2019\/06\/remerosxcuatro.jpeg\"><img loading=\"lazy\" decoding=\"async\" class=\"alignright size-medium wp-image-20116\" src=\"https:\/\/crc.org.ar\/w\/wp-content\/uploads\/2019\/06\/remerosxcuatro-300x233.jpeg\" alt=\"\" width=\"300\" height=\"233\" srcset=\"https:\/\/crc.org.ar\/w\/wp-content\/uploads\/2019\/06\/remerosxcuatro-300x233.jpeg 300w, https:\/\/crc.org.ar\/w\/wp-content\/uploads\/2019\/06\/remerosxcuatro.jpeg 618w\" sizes=\"(max-width: 300px) 100vw, 300px\" \/><\/a>Los pasados viernes y s\u00e1bado, la Selecci\u00f3n de Corrientes se midi\u00f3 con Formosa, que recibi\u00f3 el torneo, y con Misiones, superando a ambas y consiguiendo su lugar en el Campeonato Argentino de la categor\u00eda U19.<\/p>\n<p>La lista de jugadores que defendieron a la provincia, convocada por el entrenador goyano <strong>Humberto L\u00f3pez R\u00edos<\/strong>, tuvo a cuatro jugadores de Regatas. Ellos fueron <strong>Andr\u00e9s Bodach <\/strong>y<strong> Joaqu\u00edn Sosa, <\/strong>quienes son categor\u00eda U19, y <strong>Fabio Gauto <\/strong>y<strong> Patrick Destorel, <\/strong>ambos U17.<\/p>\n<p>El primer juego, el d\u00eda viernes, los correntinos dieron cuenta del anfitri\u00f3n, Formosa, por 88 a 70, con un buen aporte de <strong>Fabio Gauto<\/strong>, con 15 puntos. Mientras que <strong>Patrick Destorel<\/strong> y <strong>Andr\u00e9s Bodach<\/strong> convirtieron 4 puntos, y Joaqu\u00edn Sosa 2.<\/p>\n<p>Ya el d\u00eda s\u00e1bado, Corrientes volvi\u00f3 a tener una gran actuaci\u00f3n y venci\u00f3 a la otra selecci\u00f3n del torneo, a Misiones, por 102 a 87, qued\u00e1ndose as\u00ed con el t\u00edtulo, y consiguiendo el pasaje al Campeonato Argentino.<\/p>\n<p>Adem\u00e1s de los 4 \u201cfantasmas\u201d, el equipo estuvo formado con <strong>Cristian P\u00e9rez, Ignacio Far\u00edas, Leonardo Sol\u00eds, Franco M\u00e9ndez, Rolando Vallejos, Mateo Castagno, Guido Sottile <\/strong>y<strong> Santiago Feldmann. <\/strong><\/p>\n<p>Con este torneo, Corrientes tendr\u00e1 su lugar en el Campeonato Argentino, que se jugar\u00e1 en la vecina provincia de Chaco, del 9 al 14 de julio, por lo que la regi\u00f3n NEA contar\u00e1 con un cupo m\u00e1s.<\/p>\n","protected":false},"excerpt":{"rendered":"<p>(Viernes 21 de junio de 2019). La Selecci\u00f3n provincial correntina gan\u00f3 el pasado fin de semana en el Torneo Regional del NEA de la categor\u00eda U19, y sac\u00f3 boleto para el Campeonato Argentino de la categor\u00eda. Corrientes cont\u00f3 en sus filas con cuatro \u201cremeros\u201d. Los pasados viernes y s\u00e1bado, la Selecci\u00f3n de Corrientes se midi\u00f3 &hellip;<\/p>\n","protected":false},"author":1,"featured_media":20117,"comment_status":"closed","ping_status":"closed","sticky":false,"template":"","format":"standard","meta":{"footnotes":""},"categories":[80,156],"tags":[],"_links":{"self":[{"href":"https:\/\/crc.org.ar\/w\/wp-json\/wp\/v2\/posts\/20115"}],"collection":[{"href":"https:\/\/crc.org.ar\/w\/wp-json\/wp\/v2\/posts"}],"about":[{"href":"https:\/\/crc.org.ar\/w\/wp-json\/wp\/v2\/types\/post"}],"author":[{"embeddable":true,"href":"https:\/\/crc.org.ar\/w\/wp-json\/wp\/v2\/users\/1"}],"replies":[{"embeddable":true,"href":"https:\/\/crc.org.ar\/w\/wp-json\/wp\/v2\/comments?post=20115"}],"version-history":[{"count":1,"href":"https:\/\/crc.org.ar\/w\/wp-json\/wp\/v2\/posts\/20115\/revisions"}],"predecessor-version":[{"id":20118,"href":"https:\/\/crc.org.ar\/w\/wp-json\/wp\/v2\/posts\/20115\/revisions\/20118"}],"wp:featuredmedia":[{"embeddable":true,"href":"https:\/\/crc.org.ar\/w\/wp-json\/wp\/v2\/media\/20117"}],"wp:attachment":[{"href":"https:\/\/crc.org.ar\/w\/wp-json\/wp\/v2\/media?parent=20115"}],"wp:term":[{"taxonomy":"category","embeddable":true,"href":"https:\/\/crc.org.ar\/w\/wp-json\/wp\/v2\/categories?post=20115"},{"taxonomy":"post_tag","embeddable":true,"href":"https:\/\/crc.org.ar\/w\/wp-json\/wp\/v2\/tags?post=20115"}],"curies":[{"name":"wp","href":"https:\/\/api.w.org\/{rel}","templated":true}]}}