{"id":20120,"date":"2019-06-26T18:42:29","date_gmt":"2019-06-26T21:42:29","guid":{"rendered":"https:\/\/crc.org.ar\/w\/?p=20120"},"modified":"2019-06-26T18:42:29","modified_gmt":"2019-06-26T21:42:29","slug":"continua-el-programa-dakar-2022-con-estudios-antropometricos","status":"publish","type":"post","link":"https:\/\/crc.org.ar\/w\/continua-el-programa-dakar-2022-con-estudios-antropometricos\/","title":{"rendered":"Contin\u00faa el Programa &#8216;Dakar 2022&#8217; con estudios antropom\u00e9tricos"},"content":{"rendered":"<p>(Mi\u00e9rcoles 26 de junio de 2019). En la continuidad del Programa Juegos Ol\u00edmpicos de la Juventud, Dakar 2022, el pasado martes en el Club de Regatas Corrientes se llev\u00f3 a cabo estudios antropom\u00e9tricos a los remeros de la instituci\u00f3n dentro del proceso iniciado recientemente.<!--more--><\/p>\n<p>A lo largo y a lo ancho del pa\u00eds, desde el pasado 22 de junio, se comenzar\u00e1n a realizar estudios antropom\u00e9tricos a los remeros involucrados en el Programa Juegos Ol\u00edmpicos de la Juventud, Dakar 2022; para atletas nacidos en 2004 y 2005.<\/p>\n<p>No fue la excepci\u00f3n el Club de Regatas Corrientes, que el pasado martes, en el sal\u00f3n de conferencias de la instituci\u00f3n se llevaron a cabo los estudios a cargo de la Licenciada <strong>Bel\u00e9n Ojeda Vicondo<\/strong>, con la asistencia de <strong>Andrea Toledo Monz\u00f3n<\/strong>.<\/p>\n<p>El estudio consisti\u00f3 en la sumatoria de seis pliegues: subescapular &#8211; tricipital- abdominal -suprail\u00edaco &#8211; muslo- pantorrilla; entre otros estudios y datos importantes para comenzar a amar la base de datos de los remeros dentro del Programa.<\/p>\n<p>Recordemos que dentro del Programa Dakar 2022, en Regatas Corrientes, se encuentran diez (10) remeros, cinco mujeres, de acuerdo a lo informado por entrenador y coordinador de remo <strong>Harris Gonz\u00e1lez Escobar.<\/strong><\/p>\n<p>Ellos son <strong>Irinia Zibelman, Claudia Zeniquel, Tamara Ortiz, Areli Vallejos, y Juliana Piassentini; Octavio Kriskovich, Maximiliano Reischer, Gabriel Guti\u00e9rrez, Ignacio Burella, y Santiago G\u00f3mez De la Fuente.<\/strong><\/p>\n<p>Cabe se\u00f1alar que el Programa se inici\u00f3 con remeros de m\u00e1s de cincuenta (50) clubes de todo el pa\u00eds. Algo as\u00ed como doscientos (202), cincuenta y seis (56) mujeres, nacidos en 2004 \u2013 2005.<\/p>\n<div id='gallery-1' class='gallery galleryid-20120 gallery-columns-5 gallery-size-thumbnail'><figure class='gallery-item'>\n\t\t\t<div class='gallery-icon portrait'>\n\t\t\t\t<a href='https:\/\/crc.org.ar\/w\/wp-content\/uploads\/2019\/06\/medicion.jpg'><img loading=\"lazy\" decoding=\"async\" width=\"150\" height=\"150\" src=\"https:\/\/crc.org.ar\/w\/wp-content\/uploads\/2019\/06\/medicion-150x150.jpg\" class=\"attachment-thumbnail size-thumbnail\" alt=\"\" \/><\/a>\n\t\t\t<\/div><\/figure><figure class='gallery-item'>\n\t\t\t<div class='gallery-icon landscape'>\n\t\t\t\t<a href='https:\/\/crc.org.ar\/w\/wp-content\/uploads\/2019\/06\/medicion1.jpg'><img loading=\"lazy\" decoding=\"async\" width=\"150\" height=\"150\" src=\"https:\/\/crc.org.ar\/w\/wp-content\/uploads\/2019\/06\/medicion1-150x150.jpg\" class=\"attachment-thumbnail size-thumbnail\" alt=\"\" \/><\/a>\n\t\t\t<\/div><\/figure><figure class='gallery-item'>\n\t\t\t<div class='gallery-icon landscape'>\n\t\t\t\t<a href='https:\/\/crc.org.ar\/w\/wp-content\/uploads\/2019\/06\/medicion2.jpg'><img loading=\"lazy\" decoding=\"async\" width=\"150\" height=\"150\" src=\"https:\/\/crc.org.ar\/w\/wp-content\/uploads\/2019\/06\/medicion2-150x150.jpg\" class=\"attachment-thumbnail size-thumbnail\" alt=\"\" \/><\/a>\n\t\t\t<\/div><\/figure><figure class='gallery-item'>\n\t\t\t<div class='gallery-icon landscape'>\n\t\t\t\t<a href='https:\/\/crc.org.ar\/w\/wp-content\/uploads\/2019\/06\/medicion3.jpg'><img loading=\"lazy\" decoding=\"async\" width=\"150\" height=\"150\" src=\"https:\/\/crc.org.ar\/w\/wp-content\/uploads\/2019\/06\/medicion3-150x150.jpg\" class=\"attachment-thumbnail size-thumbnail\" alt=\"\" \/><\/a>\n\t\t\t<\/div><\/figure><figure class='gallery-item'>\n\t\t\t<div class='gallery-icon landscape'>\n\t\t\t\t<a href='https:\/\/crc.org.ar\/w\/wp-content\/uploads\/2019\/06\/medicion4.jpg'><img loading=\"lazy\" decoding=\"async\" width=\"150\" height=\"150\" src=\"https:\/\/crc.org.ar\/w\/wp-content\/uploads\/2019\/06\/medicion4-150x150.jpg\" class=\"attachment-thumbnail size-thumbnail\" alt=\"\" \/><\/a>\n\t\t\t<\/div><\/figure>\n\t\t<\/div>\n\n","protected":false},"excerpt":{"rendered":"<p>(Mi\u00e9rcoles 26 de junio de 2019). En la continuidad del Programa Juegos Ol\u00edmpicos de la Juventud, Dakar 2022, el pasado martes en el Club de Regatas Corrientes se llev\u00f3 a cabo estudios antropom\u00e9tricos a los remeros de la instituci\u00f3n dentro del proceso iniciado recientemente. A lo largo y a lo ancho del pa\u00eds, desde el &hellip;<\/p>\n","protected":false},"author":1,"featured_media":20125,"comment_status":"closed","ping_status":"closed","sticky":false,"template":"","format":"standard","meta":{"footnotes":""},"categories":[156,18],"tags":[],"_links":{"self":[{"href":"https:\/\/crc.org.ar\/w\/wp-json\/wp\/v2\/posts\/20120"}],"collection":[{"href":"https:\/\/crc.org.ar\/w\/wp-json\/wp\/v2\/posts"}],"about":[{"href":"https:\/\/crc.org.ar\/w\/wp-json\/wp\/v2\/types\/post"}],"author":[{"embeddable":true,"href":"https:\/\/crc.org.ar\/w\/wp-json\/wp\/v2\/users\/1"}],"replies":[{"embeddable":true,"href":"https:\/\/crc.org.ar\/w\/wp-json\/wp\/v2\/comments?post=20120"}],"version-history":[{"count":1,"href":"https:\/\/crc.org.ar\/w\/wp-json\/wp\/v2\/posts\/20120\/revisions"}],"predecessor-version":[{"id":20126,"href":"https:\/\/crc.org.ar\/w\/wp-json\/wp\/v2\/posts\/20120\/revisions\/20126"}],"wp:featuredmedia":[{"embeddable":true,"href":"https:\/\/crc.org.ar\/w\/wp-json\/wp\/v2\/media\/20125"}],"wp:attachment":[{"href":"https:\/\/crc.org.ar\/w\/wp-json\/wp\/v2\/media?parent=20120"}],"wp:term":[{"taxonomy":"category","embeddable":true,"href":"https:\/\/crc.org.ar\/w\/wp-json\/wp\/v2\/categories?post=20120"},{"taxonomy":"post_tag","embeddable":true,"href":"https:\/\/crc.org.ar\/w\/wp-json\/wp\/v2\/tags?post=20120"}],"curies":[{"name":"wp","href":"https:\/\/api.w.org\/{rel}","templated":true}]}}