{"id":20136,"date":"2019-06-25T13:21:50","date_gmt":"2019-06-25T16:21:50","guid":{"rendered":"https:\/\/crc.org.ar\/w\/?p=20136"},"modified":"2019-06-26T19:24:39","modified_gmt":"2019-06-26T22:24:39","slug":"alejandro-vera-se-quedo-con-el-desafio-ante-mexico","status":"publish","type":"post","link":"https:\/\/crc.org.ar\/w\/alejandro-vera-se-quedo-con-el-desafio-ante-mexico\/","title":{"rendered":"Alejandro Vera se qued\u00f3 con el \u201cDesaf\u00edo\u201d ante M\u00e9xico"},"content":{"rendered":"<p>(Martes 25 de junio de 2019). En la Regata Internacional de la CRIT en Tigre, el remero del Club de Regatas Corrientes, <strong>Alejandro Vera<\/strong>, se qued\u00f3 con el \u201cDesaf\u00edo\u201d ante M\u00e9xico, preparatorio para el Selectivo para el Mundial 2019 de la especialidad.<!--more--><\/p>\n<p><a href=\"https:\/\/crc.org.ar\/w\/wp-content\/uploads\/2019\/06\/Ale-Vera.jpg\"><img loading=\"lazy\" decoding=\"async\" class=\"alignright size-medium wp-image-20137\" src=\"https:\/\/crc.org.ar\/w\/wp-content\/uploads\/2019\/06\/Ale-Vera-300x300.jpg\" alt=\"\" width=\"300\" height=\"300\" srcset=\"https:\/\/crc.org.ar\/w\/wp-content\/uploads\/2019\/06\/Ale-Vera-300x300.jpg 300w, https:\/\/crc.org.ar\/w\/wp-content\/uploads\/2019\/06\/Ale-Vera-150x150.jpg 150w, https:\/\/crc.org.ar\/w\/wp-content\/uploads\/2019\/06\/Ale-Vera.jpg 480w\" sizes=\"(max-width: 300px) 100vw, 300px\" \/><\/a>El pasado s\u00e1bado en Tigre, se llev\u00f3 a cabo la Regata Oficial Internacional de la Comisi\u00f3n de la Regata Internacional del Tigre (CRIT), en donde se aprovech\u00f3 la presencia de la Selecci\u00f3n de para remo de M\u00e9xico para realizar un \u201cDesaf\u00edo\u201d.<\/p>\n<p>En este contexto, se corrieron dos regatas. Un 4+ PR3 y un 1x PR1; est\u00e1 \u00faltima con la presencia del remero del Club de Regatas Corrientes, <strong>Alejando Vera<\/strong>, que se encuentra en Tigre desde el pasado s\u00e1bado concentrado y entrenando para la Selecci\u00f3n Nacional.<\/p>\n<p>El cu\u00e1druple qued\u00f3 segundo, en tanto Vera se qued\u00f3 con su regata, superando al mexicano <strong>Michel Mu\u00f1oz Malagon<\/strong>, con un tiempo de 11 minutos (no oficial), sobre una distancia de 2.000 metros.<\/p>\n<p>Un muy buen tiempo de Vera teniendo en cuenta la cancha pesada y que corri\u00f3 con batea, ante un gran rival (concentrado con M\u00e9xico en Uruguay) que puso en jaque al correntino, especialmente hasta los 750 metros en donde comand\u00f3 las acciones.<\/p>\n<p>Ahora Vera tendr\u00e1 una dura semana de entrenamiento preparatorio el Selectivo del Campeonato Mundial que se celebrar\u00e1 en Ottensheim (Austria) entre el 25 de agosto y el 1 de septiembre de 2019 bajo la organizaci\u00f3n de la Federaci\u00f3n Internacional de Sociedades de Remo (FISA) y la Federaci\u00f3n Austr\u00edaca de Remo.<\/p>\n","protected":false},"excerpt":{"rendered":"<p>(Martes 25 de junio de 2019). En la Regata Internacional de la CRIT en Tigre, el remero del Club de Regatas Corrientes, Alejandro Vera, se qued\u00f3 con el \u201cDesaf\u00edo\u201d ante M\u00e9xico, preparatorio para el Selectivo para el Mundial 2019 de la especialidad. El pasado s\u00e1bado en Tigre, se llev\u00f3 a cabo la Regata Oficial Internacional &hellip;<\/p>\n","protected":false},"author":1,"featured_media":20138,"comment_status":"closed","ping_status":"closed","sticky":false,"template":"","format":"standard","meta":{"footnotes":""},"categories":[156,18],"tags":[],"_links":{"self":[{"href":"https:\/\/crc.org.ar\/w\/wp-json\/wp\/v2\/posts\/20136"}],"collection":[{"href":"https:\/\/crc.org.ar\/w\/wp-json\/wp\/v2\/posts"}],"about":[{"href":"https:\/\/crc.org.ar\/w\/wp-json\/wp\/v2\/types\/post"}],"author":[{"embeddable":true,"href":"https:\/\/crc.org.ar\/w\/wp-json\/wp\/v2\/users\/1"}],"replies":[{"embeddable":true,"href":"https:\/\/crc.org.ar\/w\/wp-json\/wp\/v2\/comments?post=20136"}],"version-history":[{"count":1,"href":"https:\/\/crc.org.ar\/w\/wp-json\/wp\/v2\/posts\/20136\/revisions"}],"predecessor-version":[{"id":20139,"href":"https:\/\/crc.org.ar\/w\/wp-json\/wp\/v2\/posts\/20136\/revisions\/20139"}],"wp:featuredmedia":[{"embeddable":true,"href":"https:\/\/crc.org.ar\/w\/wp-json\/wp\/v2\/media\/20138"}],"wp:attachment":[{"href":"https:\/\/crc.org.ar\/w\/wp-json\/wp\/v2\/media?parent=20136"}],"wp:term":[{"taxonomy":"category","embeddable":true,"href":"https:\/\/crc.org.ar\/w\/wp-json\/wp\/v2\/categories?post=20136"},{"taxonomy":"post_tag","embeddable":true,"href":"https:\/\/crc.org.ar\/w\/wp-json\/wp\/v2\/tags?post=20136"}],"curies":[{"name":"wp","href":"https:\/\/api.w.org\/{rel}","templated":true}]}}