{"id":20146,"date":"2019-06-27T13:01:25","date_gmt":"2019-06-27T16:01:25","guid":{"rendered":"https:\/\/crc.org.ar\/w\/?p=20146"},"modified":"2019-06-27T13:01:25","modified_gmt":"2019-06-27T16:01:25","slug":"matias-mendez-sigue-creciendo-en-reconquista","status":"publish","type":"post","link":"https:\/\/crc.org.ar\/w\/matias-mendez-sigue-creciendo-en-reconquista\/","title":{"rendered":"Mat\u00edas M\u00e9ndez sigue creciendo en Reconquista"},"content":{"rendered":"<p>(Jueves 27 de junio de 2019). El pasado fin de semana se llev\u00f3 a cabo la tercera fecha de la Liga ATMAR de tenis de mesa en Reconquista, Santa Fe, nuevamente con podios de representantes del Club de Regatas Corrientes.<!--more--><\/p>\n<p>En el Club Centro Recreativos de Artesanos de la ciudad de Reconquista, provincia de Santa Fe, se jug\u00f3 la tercera fecha de la Liga ATMAR de la Agrupaci\u00f3n Tenis de Mesa de Avellaneda y Reconquista.<\/p>\n<p>Como en la primera fecha y segunda fecha, jugadores de tenis de mesa del Club de Regatas Corrientes, bajo la conducci\u00f3n t\u00e9cnica del instructor <strong>Cayetano Troia<\/strong>, volvieron a decir presente y a subirse al podio.<\/p>\n<p><strong>Mat\u00edas M\u00e9ndez<\/strong>, ya en la categor\u00eda Segunda, se qued\u00f3 con la tercera ubicaci\u00f3n; al igual que <strong>Gabriel Montiel<\/strong>, pero en la categor\u00eda Tercera. En tanto <strong>Rodrigo Meda<\/strong>, tambi\u00e9n en tercera, lleg\u00f3 hasta cuartos de final.<\/p>\n<p>Recordemos que en la segunda fecha <strong>Mat\u00edas M\u00e9ndez<\/strong> se qued\u00f3 con la categor\u00eda Tercera, en tanto <strong>Gabriel Montiel<\/strong> finaliz\u00f3 tercero, por lo que los chicos de la instituci\u00f3n del parque Mitre siguen mostrando su vigencia y crecimiento.<\/p>\n<div id='gallery-1' class='gallery galleryid-20146 gallery-columns-2 gallery-size-thumbnail'><figure class='gallery-item'>\n\t\t\t<div class='gallery-icon portrait'>\n\t\t\t\t<a href='https:\/\/crc.org.ar\/w\/wp-content\/uploads\/2019\/06\/montiel-trofeo-y-mila.jpeg'><img loading=\"lazy\" decoding=\"async\" width=\"150\" height=\"150\" src=\"https:\/\/crc.org.ar\/w\/wp-content\/uploads\/2019\/06\/montiel-trofeo-y-mila-150x150.jpeg\" class=\"attachment-thumbnail size-thumbnail\" alt=\"\" \/><\/a>\n\t\t\t<\/div><\/figure><figure class='gallery-item'>\n\t\t\t<div class='gallery-icon landscape'>\n\t\t\t\t<a href='https:\/\/crc.org.ar\/w\/wp-content\/uploads\/2019\/06\/mendez.jpeg'><img loading=\"lazy\" decoding=\"async\" width=\"150\" height=\"150\" src=\"https:\/\/crc.org.ar\/w\/wp-content\/uploads\/2019\/06\/mendez-150x150.jpeg\" class=\"attachment-thumbnail size-thumbnail\" alt=\"\" \/><\/a>\n\t\t\t<\/div><\/figure>\n\t\t<\/div>\n\n","protected":false},"excerpt":{"rendered":"<p>(Jueves 27 de junio de 2019). El pasado fin de semana se llev\u00f3 a cabo la tercera fecha de la Liga ATMAR de tenis de mesa en Reconquista, Santa Fe, nuevamente con podios de representantes del Club de Regatas Corrientes. En el Club Centro Recreativos de Artesanos de la ciudad de Reconquista, provincia de Santa &hellip;<\/p>\n","protected":false},"author":1,"featured_media":20151,"comment_status":"closed","ping_status":"closed","sticky":false,"template":"","format":"standard","meta":{"footnotes":""},"categories":[156,13],"tags":[],"_links":{"self":[{"href":"https:\/\/crc.org.ar\/w\/wp-json\/wp\/v2\/posts\/20146"}],"collection":[{"href":"https:\/\/crc.org.ar\/w\/wp-json\/wp\/v2\/posts"}],"about":[{"href":"https:\/\/crc.org.ar\/w\/wp-json\/wp\/v2\/types\/post"}],"author":[{"embeddable":true,"href":"https:\/\/crc.org.ar\/w\/wp-json\/wp\/v2\/users\/1"}],"replies":[{"embeddable":true,"href":"https:\/\/crc.org.ar\/w\/wp-json\/wp\/v2\/comments?post=20146"}],"version-history":[{"count":3,"href":"https:\/\/crc.org.ar\/w\/wp-json\/wp\/v2\/posts\/20146\/revisions"}],"predecessor-version":[{"id":20152,"href":"https:\/\/crc.org.ar\/w\/wp-json\/wp\/v2\/posts\/20146\/revisions\/20152"}],"wp:featuredmedia":[{"embeddable":true,"href":"https:\/\/crc.org.ar\/w\/wp-json\/wp\/v2\/media\/20151"}],"wp:attachment":[{"href":"https:\/\/crc.org.ar\/w\/wp-json\/wp\/v2\/media?parent=20146"}],"wp:term":[{"taxonomy":"category","embeddable":true,"href":"https:\/\/crc.org.ar\/w\/wp-json\/wp\/v2\/categories?post=20146"},{"taxonomy":"post_tag","embeddable":true,"href":"https:\/\/crc.org.ar\/w\/wp-json\/wp\/v2\/tags?post=20146"}],"curies":[{"name":"wp","href":"https:\/\/api.w.org\/{rel}","templated":true}]}}