{"id":20153,"date":"2019-06-27T13:06:09","date_gmt":"2019-06-27T16:06:09","guid":{"rendered":"https:\/\/crc.org.ar\/w\/?p=20153"},"modified":"2019-06-27T13:06:09","modified_gmt":"2019-06-27T16:06:09","slug":"inedita-travesia-corrientes-rosario-con-remeros-regatenses-master","status":"publish","type":"post","link":"https:\/\/crc.org.ar\/w\/inedita-travesia-corrientes-rosario-con-remeros-regatenses-master\/","title":{"rendered":"In\u00e9dita traves\u00eda Corrientes-Rosario, con remeros regatenses m\u00e1ster"},"content":{"rendered":"<p>(Jueves 27 de junio de 2019). Los remeros m\u00e1ster del Club de Regatas Corrientes, <strong>Fernando Ortiz y Juan Francisco Torrent<\/strong> fueron recibidos por el vice intendente de la comuna local, <strong>Emilio Lanari<\/strong>; quien les entreg\u00f3 la Bandera de la Ciudad previo a su traves\u00eda, con ribetes in\u00e9ditos, que comienza este s\u00e1bado.<!--more--><\/p>\n<p><strong><a href=\"https:\/\/crc.org.ar\/w\/wp-content\/uploads\/2019\/06\/Lanari.jpeg\"><img loading=\"lazy\" decoding=\"async\" class=\"alignright size-medium wp-image-20154\" src=\"https:\/\/crc.org.ar\/w\/wp-content\/uploads\/2019\/06\/Lanari-300x225.jpeg\" alt=\"\" width=\"300\" height=\"225\" srcset=\"https:\/\/crc.org.ar\/w\/wp-content\/uploads\/2019\/06\/Lanari-300x225.jpeg 300w, https:\/\/crc.org.ar\/w\/wp-content\/uploads\/2019\/06\/Lanari.jpeg 640w\" sizes=\"(max-width: 300px) 100vw, 300px\" \/><\/a>Juan Francisco Torrent, Oscar Fern\u00e1ndez <\/strong>y<strong> Fernando Ortiz<\/strong> \u201cconformamos un grupo que vamos a realizar una traves\u00eda in\u00e9dita en un bote de paseo, de cedro, que tiene m\u00e1s de cien a\u00f1os, y que hace d\u00edas lo terminamos de reparar\u201d, comenz\u00f3 diciendo el <strong>\u201cFlaco\u201d Ortiz.<\/strong><\/p>\n<p>\u201cLa traves\u00eda va a ser de la capital correntina a la ciudad de Rosario. Lo que vamos a tratar es bajar un tiempo. Estamos por remar ocho horas por d\u00eda, un promedio de 80 kil\u00f3metros, para tratar de llegar a Rosario en diez d\u00edas\u201d, a\u00f1adi\u00f3 previ\u00f3 a la salida de este s\u00e1bado.<\/p>\n<p>Estos datos le dan a la traves\u00eda ribetes in\u00e9ditos, hist\u00f3ricos, por la embarcaci\u00f3n, por la distancia, por el tiempo, por el esfuerzo, y que tendr\u00e1 como protagonistas a remeros de la Agrupaci\u00f3n M\u00e1ster del Club de Regatas Corrientes.<\/p>\n<p><a href=\"https:\/\/crc.org.ar\/w\/wp-content\/uploads\/2019\/06\/Lanari1.jpeg\"><img loading=\"lazy\" decoding=\"async\" class=\"size-medium wp-image-20155 alignleft\" src=\"https:\/\/crc.org.ar\/w\/wp-content\/uploads\/2019\/06\/Lanari1-300x225.jpeg\" alt=\"\" width=\"300\" height=\"225\" srcset=\"https:\/\/crc.org.ar\/w\/wp-content\/uploads\/2019\/06\/Lanari1-300x225.jpeg 300w, https:\/\/crc.org.ar\/w\/wp-content\/uploads\/2019\/06\/Lanari1.jpeg 640w\" sizes=\"(max-width: 300px) 100vw, 300px\" \/><\/a>En este contexto, Ortiz y Torrent fueron recibidos por el vice intendente de la comuna local, <strong>Emilio Lanari<\/strong>, quien les entreg\u00f3 la Bandera de la Ciudad de Corrientes, en una amena y cordial charla.<\/p>\n<p>El <strong>Dr. Lanari<\/strong> les dese\u00f3 mucha suerte en su traves\u00eda, adem\u00e1s de admitir que le enorgullece la actitud de superaci\u00f3n y valent\u00eda de los remos del Club de Regatas Corrientes, en todo un ejemplo para la sociedad, especialmente para los j\u00f3venes.<\/p>\n","protected":false},"excerpt":{"rendered":"<p>(Jueves 27 de junio de 2019). Los remeros m\u00e1ster del Club de Regatas Corrientes, Fernando Ortiz y Juan Francisco Torrent fueron recibidos por el vice intendente de la comuna local, Emilio Lanari; quien les entreg\u00f3 la Bandera de la Ciudad previo a su traves\u00eda, con ribetes in\u00e9ditos, que comienza este s\u00e1bado. Juan Francisco Torrent, Oscar &hellip;<\/p>\n","protected":false},"author":1,"featured_media":20156,"comment_status":"closed","ping_status":"closed","sticky":false,"template":"","format":"standard","meta":{"footnotes":""},"categories":[156,18],"tags":[],"_links":{"self":[{"href":"https:\/\/crc.org.ar\/w\/wp-json\/wp\/v2\/posts\/20153"}],"collection":[{"href":"https:\/\/crc.org.ar\/w\/wp-json\/wp\/v2\/posts"}],"about":[{"href":"https:\/\/crc.org.ar\/w\/wp-json\/wp\/v2\/types\/post"}],"author":[{"embeddable":true,"href":"https:\/\/crc.org.ar\/w\/wp-json\/wp\/v2\/users\/1"}],"replies":[{"embeddable":true,"href":"https:\/\/crc.org.ar\/w\/wp-json\/wp\/v2\/comments?post=20153"}],"version-history":[{"count":1,"href":"https:\/\/crc.org.ar\/w\/wp-json\/wp\/v2\/posts\/20153\/revisions"}],"predecessor-version":[{"id":20157,"href":"https:\/\/crc.org.ar\/w\/wp-json\/wp\/v2\/posts\/20153\/revisions\/20157"}],"wp:featuredmedia":[{"embeddable":true,"href":"https:\/\/crc.org.ar\/w\/wp-json\/wp\/v2\/media\/20156"}],"wp:attachment":[{"href":"https:\/\/crc.org.ar\/w\/wp-json\/wp\/v2\/media?parent=20153"}],"wp:term":[{"taxonomy":"category","embeddable":true,"href":"https:\/\/crc.org.ar\/w\/wp-json\/wp\/v2\/categories?post=20153"},{"taxonomy":"post_tag","embeddable":true,"href":"https:\/\/crc.org.ar\/w\/wp-json\/wp\/v2\/tags?post=20153"}],"curies":[{"name":"wp","href":"https:\/\/api.w.org\/{rel}","templated":true}]}}