{"id":20287,"date":"2019-07-08T22:08:03","date_gmt":"2019-07-09T01:08:03","guid":{"rendered":"https:\/\/crc.org.ar\/w\/?p=20287"},"modified":"2019-07-08T22:08:03","modified_gmt":"2019-07-09T01:08:03","slug":"regatas-rumbo-al-campeonato-argentino","status":"publish","type":"post","link":"https:\/\/crc.org.ar\/w\/regatas-rumbo-al-campeonato-argentino\/","title":{"rendered":"Regatas rumbo al Campeonato Argentino"},"content":{"rendered":"<p>(Lunes 8 de julio de 2019). Este mi\u00e9rcoles en Santiago del Estero, dar\u00e1 inicio la 65\u00b0 edici\u00f3n del Campeonato Argentino de Tenis de Mesa, del que ser\u00e1 de la partida el equipo del Club de Regatas Corrientes. <!--more--><\/p>\n<p><a href=\"https:\/\/crc.org.ar\/w\/wp-content\/uploads\/2019\/07\/lautaro-perez-rico.jpg\"><img loading=\"lazy\" decoding=\"async\" class=\"size-medium wp-image-20288 alignleft\" src=\"https:\/\/crc.org.ar\/w\/wp-content\/uploads\/2019\/07\/lautaro-perez-rico-300x207.jpg\" alt=\"\" width=\"300\" height=\"207\" srcset=\"https:\/\/crc.org.ar\/w\/wp-content\/uploads\/2019\/07\/lautaro-perez-rico-300x207.jpg 300w, https:\/\/crc.org.ar\/w\/wp-content\/uploads\/2019\/07\/lautaro-perez-rico-110x75.jpg 110w, https:\/\/crc.org.ar\/w\/wp-content\/uploads\/2019\/07\/lautaro-perez-rico.jpg 640w\" sizes=\"(max-width: 300px) 100vw, 300px\" \/><\/a>Un total de mil cuarenta y tres (1043) inscripciones se registraron para la 65\u00b0 edici\u00f3n del Campeonato Argentino de Tenis de Mesa que se jugar\u00e1 en Santiago del Estero, a partir de este mi\u00e9rcoles.<\/p>\n<p>El torneo, que tendr\u00e1 lugar en el Nodo Tecnol\u00f3gico de la capital santiague\u00f1a hasta el domingo 14 de julio, reunir\u00e1 a los mejores jugadores del pa\u00eds, entre ellos el equipo del Club de Regatas Corrientes.<\/p>\n<p>Los \u201cremeros\u201d m\u00e1s j\u00f3venes ser\u00e1n <strong>Lautaro P\u00e9rez Rico<\/strong> (Sub 11), <strong>Ricardo Fidanza<\/strong> (Sub 13), y <strong>Enzo C\u00e1mula<\/strong> (Sub 23); con varias bajas importantes como los hermanos <strong>Vilte Bosch<\/strong> y <strong>Nicol\u00e1s N\u00fa\u00f1ez.<\/strong><\/p>\n<p>En tanto entre los mayores competir\u00e1n <strong>Myriam Giardinieri<\/strong> (Maxi 60 y Maxi 70), <strong>Flavia Dusset<\/strong> (Maxi 60 y Maxi 70), y <strong>Nelson Veas<\/strong> (Maxi 60 y Maxi 65); quienes tambi\u00e9n competir\u00e1n en dobles femenino y doble mixto.<\/p>\n<p>El Campeonato Argentino se iniciar\u00e1 con el evento de equipos menores, por la ma\u00f1ana, y dobles por la tarde. En tanto que el viernes reci\u00e9n ser\u00e1 la competencia individual. El jueves jugar\u00e1n equipos Todo Competidor y maxis.<\/p>\n","protected":false},"excerpt":{"rendered":"<p>(Lunes 8 de julio de 2019). Este mi\u00e9rcoles en Santiago del Estero, dar\u00e1 inicio la 65\u00b0 edici\u00f3n del Campeonato Argentino de Tenis de Mesa, del que ser\u00e1 de la partida el equipo del Club de Regatas Corrientes. Un total de mil cuarenta y tres (1043) inscripciones se registraron para la 65\u00b0 edici\u00f3n del Campeonato Argentino &hellip;<\/p>\n","protected":false},"author":1,"featured_media":20289,"comment_status":"closed","ping_status":"closed","sticky":false,"template":"","format":"standard","meta":{"footnotes":""},"categories":[156,13],"tags":[],"_links":{"self":[{"href":"https:\/\/crc.org.ar\/w\/wp-json\/wp\/v2\/posts\/20287"}],"collection":[{"href":"https:\/\/crc.org.ar\/w\/wp-json\/wp\/v2\/posts"}],"about":[{"href":"https:\/\/crc.org.ar\/w\/wp-json\/wp\/v2\/types\/post"}],"author":[{"embeddable":true,"href":"https:\/\/crc.org.ar\/w\/wp-json\/wp\/v2\/users\/1"}],"replies":[{"embeddable":true,"href":"https:\/\/crc.org.ar\/w\/wp-json\/wp\/v2\/comments?post=20287"}],"version-history":[{"count":1,"href":"https:\/\/crc.org.ar\/w\/wp-json\/wp\/v2\/posts\/20287\/revisions"}],"predecessor-version":[{"id":20290,"href":"https:\/\/crc.org.ar\/w\/wp-json\/wp\/v2\/posts\/20287\/revisions\/20290"}],"wp:featuredmedia":[{"embeddable":true,"href":"https:\/\/crc.org.ar\/w\/wp-json\/wp\/v2\/media\/20289"}],"wp:attachment":[{"href":"https:\/\/crc.org.ar\/w\/wp-json\/wp\/v2\/media?parent=20287"}],"wp:term":[{"taxonomy":"category","embeddable":true,"href":"https:\/\/crc.org.ar\/w\/wp-json\/wp\/v2\/categories?post=20287"},{"taxonomy":"post_tag","embeddable":true,"href":"https:\/\/crc.org.ar\/w\/wp-json\/wp\/v2\/tags?post=20287"}],"curies":[{"name":"wp","href":"https:\/\/api.w.org\/{rel}","templated":true}]}}