{"id":20391,"date":"2019-07-12T12:15:22","date_gmt":"2019-07-12T15:15:22","guid":{"rendered":"https:\/\/crc.org.ar\/w\/?p=20391"},"modified":"2019-07-12T12:26:15","modified_gmt":"2019-07-12T15:26:15","slug":"alejandro-vera-integrara-la-seleccion-nacional-para-el-mundial-de-austria","status":"publish","type":"post","link":"https:\/\/crc.org.ar\/w\/alejandro-vera-integrara-la-seleccion-nacional-para-el-mundial-de-austria\/","title":{"rendered":"Alejandro Vera integrar\u00e1 la Selecci\u00f3n  Nacional para el Mundial de Austria"},"content":{"rendered":"<p>(Jueves 12 de julio de 2019). El remero del Club de Regatas Corrientes, <strong>Alejandro Vera<\/strong>, fue confirmado por integrar la Selecci\u00f3n Nacional de para remo, que disputar\u00e1 el Campeonato Mundial en Linz-Ottensheim (Austria), entre el 25 de agosto al 1 de septiembre pr\u00f3ximo.<\/p>\n<p><!--more--><\/p>\n<p><img loading=\"lazy\" decoding=\"async\" class=\"alignleft size-medium wp-image-20392\" src=\"https:\/\/crc.org.ar\/w\/wp-content\/uploads\/2019\/07\/Ale-Vera3-254x300.jpeg\" alt=\"\" width=\"254\" height=\"300\" srcset=\"https:\/\/crc.org.ar\/w\/wp-content\/uploads\/2019\/07\/Ale-Vera3-254x300.jpeg 254w, https:\/\/crc.org.ar\/w\/wp-content\/uploads\/2019\/07\/Ale-Vera3.jpeg 720w\" sizes=\"(max-width: 254px) 100vw, 254px\" \/>Inmensa alegr\u00eda y satisfacci\u00f3n por un nuevo objetivo logrado, por una nueva meta alcanzada. El remero del Club de Regatas Corrientes, <strong>Alejandro Vera<\/strong>, disputar\u00e1 un nuevo Campeonato Mundial.<\/p>\n<p>Como en el 2018 en Plovdiv (Bulgaria), ahora <strong>\u201cAle\u201d Vera<\/strong> integrar\u00e1 la Selecci\u00f3n Nacional para el Campeonato Mundial de para remo en Linz-Ottensheim (Austria), entre el 25 de agosto al 1 de septiembre pr\u00f3ximo.<\/p>\n<p>Tras la concentraci\u00f3n y Selectivo en Tigre, y despu\u00e9s del \u201cDesaf\u00edo\u201d en la Regata Oficial Internacional de la Comisi\u00f3n de la Regata Internacional del Tigre (CRIT), en donde super\u00f3 al mexicano <strong>Michel Mu\u00f1oz Malagon<\/strong>, Vera sab\u00eda que ten\u00eda chances.<\/p>\n<p>En realidad a Vera ya le hab\u00edan anticipado su posible presencia en el Mundial, pero hab\u00eda que esperar la confirmaci\u00f3n oficial, ya que todo en estos d\u00edas se maneja deportiva y econ\u00f3micamente, y esta situaci\u00f3n no escapa al remo.<\/p>\n<p>De all\u00ed que cuando la Asociaci\u00f3n Argentina de Remeros Aficionados (AARA) confirm\u00f3 la delegaci\u00f3n,\u00a0 todo se transform\u00f3 en una verdadera explosi\u00f3n de jubilo, de alegr\u00eda, que se traslad\u00f3 a todo el Club de Regatas Corrientes.<\/p>\n<p>Y la confirm\u00f3 no lleg\u00f3 sola, ya que tambi\u00e9n fue informado de una nueva concentraci\u00f3n en Tigre, a partir de este domingo, que se extender\u00e1 por espacio de una semana, para seguir la puesta a punto para la cita ecum\u00e9nica.<\/p>\n<p><strong>PRIMERA<br \/>\n<\/strong><strong>EXPERIENCIA<br \/>\n<\/strong>Recordemos que con un registro de 10 minutos, 38 segundos y 70 cent\u00e9simas, <strong>Alejandro Vera<\/strong>, finaliz\u00f3 segundo en la Final \u201cC\u201d del Campeonato Mundial, en Plovdiv, Bulgaria, 2018.<\/p>\n<p><strong>\u201cAle\u201d Vera<\/strong> cerr\u00f3 as\u00ed su primera experiencia mundialista, en una competencia en donde estuvo a la altura de las circunstancias, al punto que alcanz\u00f3 su mejor tiempo 10\u201935\u201d46\/100, quedando afuera de la Final \u201cB\u201d por foto finish<\/p>\n","protected":false},"excerpt":{"rendered":"<p>(Jueves 12 de julio de 2019). El remero del Club de Regatas Corrientes, Alejandro Vera, fue confirmado por integrar la Selecci\u00f3n Nacional de para remo, que disputar\u00e1 el Campeonato Mundial en Linz-Ottensheim (Austria), entre el 25 de agosto al 1 de septiembre pr\u00f3ximo. Inmensa alegr\u00eda y satisfacci\u00f3n por un nuevo objetivo logrado, por una nueva &hellip;<\/p>\n","protected":false},"author":1,"featured_media":20393,"comment_status":"closed","ping_status":"closed","sticky":false,"template":"","format":"standard","meta":{"footnotes":""},"categories":[156,18],"tags":[],"_links":{"self":[{"href":"https:\/\/crc.org.ar\/w\/wp-json\/wp\/v2\/posts\/20391"}],"collection":[{"href":"https:\/\/crc.org.ar\/w\/wp-json\/wp\/v2\/posts"}],"about":[{"href":"https:\/\/crc.org.ar\/w\/wp-json\/wp\/v2\/types\/post"}],"author":[{"embeddable":true,"href":"https:\/\/crc.org.ar\/w\/wp-json\/wp\/v2\/users\/1"}],"replies":[{"embeddable":true,"href":"https:\/\/crc.org.ar\/w\/wp-json\/wp\/v2\/comments?post=20391"}],"version-history":[{"count":1,"href":"https:\/\/crc.org.ar\/w\/wp-json\/wp\/v2\/posts\/20391\/revisions"}],"predecessor-version":[{"id":20394,"href":"https:\/\/crc.org.ar\/w\/wp-json\/wp\/v2\/posts\/20391\/revisions\/20394"}],"wp:featuredmedia":[{"embeddable":true,"href":"https:\/\/crc.org.ar\/w\/wp-json\/wp\/v2\/media\/20393"}],"wp:attachment":[{"href":"https:\/\/crc.org.ar\/w\/wp-json\/wp\/v2\/media?parent=20391"}],"wp:term":[{"taxonomy":"category","embeddable":true,"href":"https:\/\/crc.org.ar\/w\/wp-json\/wp\/v2\/categories?post=20391"},{"taxonomy":"post_tag","embeddable":true,"href":"https:\/\/crc.org.ar\/w\/wp-json\/wp\/v2\/tags?post=20391"}],"curies":[{"name":"wp","href":"https:\/\/api.w.org\/{rel}","templated":true}]}}