{"id":20498,"date":"2019-07-18T13:49:23","date_gmt":"2019-07-18T16:49:23","guid":{"rendered":"https:\/\/crc.org.ar\/w\/?p=20498"},"modified":"2019-07-18T13:49:23","modified_gmt":"2019-07-18T16:49:23","slug":"regatas-dijo-presente-en-el-argentino-de-santiago","status":"publish","type":"post","link":"https:\/\/crc.org.ar\/w\/regatas-dijo-presente-en-el-argentino-de-santiago\/","title":{"rendered":"Regatas dijo presente en el Argentino de Santiago"},"content":{"rendered":"<p>(Jueves 18 de julio de 2019). El equipo de tenis de mesa del Club de Regatas Corrientes dijo presente en el 65 Campeonato Argentino que se llev\u00f3 a cabo en Santiago del Estero, con los Maxi logrando importantes podios. En tanto los m\u00e1s chicos siguen acumulando experiencia.<!--more--><\/p>\n<p><a href=\"https:\/\/crc.org.ar\/w\/wp-content\/uploads\/2019\/07\/TdM1.jpg\"><img loading=\"lazy\" decoding=\"async\" class=\"alignright size-medium wp-image-20499\" src=\"https:\/\/crc.org.ar\/w\/wp-content\/uploads\/2019\/07\/TdM1-300x249.jpg\" alt=\"\" width=\"300\" height=\"249\" srcset=\"https:\/\/crc.org.ar\/w\/wp-content\/uploads\/2019\/07\/TdM1-300x249.jpg 300w, https:\/\/crc.org.ar\/w\/wp-content\/uploads\/2019\/07\/TdM1.jpg 578w\" sizes=\"(max-width: 300px) 100vw, 300px\" \/><\/a>Con marcado \u00e9xito, el pasado fin de semana, finaliz\u00f3 el 65 Campeonato Argentino de Tenis de Mesa en Santiago del Estero, que cont\u00f3 con una reducida pero entusiasta delegaci\u00f3n del Club de Regatas Corrientes.<\/p>\n<p>Los m\u00e1s peque\u00f1os <strong>Lautaro P\u00e9rez Rico<\/strong> (Sub 11 Promocional) y <strong>Ricardo Fidanza<\/strong> (Sub 13) siguieron acumulando mucha experiencia, llegando a los 16 avos de final y cuartos de final, respectivamente. Adem\u00e1s <strong>Enzo C\u00e1mula<\/strong> (Sub 23) no sorteo la fase de zonas.<\/p>\n<p>En tanto los mayores, en Damas y Caballeros, <strong>Myiriam Giardinieri<\/strong> finaliz\u00f3 segunda, y <strong>Flavia Dusset<\/strong> tercera en la categor\u00eda Maxi 70. Mientras que <strong>Nelson Veas<\/strong> tambi\u00e9n fue tercero pero en Maxi 65 a\u00f1os.<\/p>\n<p>Para\u00a0 tener una real dimensi\u00f3n de los logros regatenses hay que mencionar que el Argentino cont\u00f3 con la participaci\u00f3n de veinte (20) provincias y la Ciudad Aut\u00f3noma de Buenos Aires; m\u00e1s espec\u00edfico, 162 equipos, 206 parejas de dobles y 673 inscripciones individuales.<\/p>\n<p>Adem\u00e1s un cap\u00edtulo aparte \u00a0para los Maxi que en forma silenciosa, pero no exenta de trabajo y sacrificio, siguen su camino en busca de superaci\u00f3n, crecimiento y b\u00fasqueda de una vida mejor haciendo deportes.<\/p>\n<p>De esta manera se cerr\u00f3 la temporada de 2019 del Campeonato Argentino de Tenis de Mesa en Santiago del Estero, y comienza el camino hacia Formosa 2020, en donde Regatas Corrientes seguramente dir\u00e1 presente.<\/p>\n<p><strong><a href=\"https:\/\/crc.org.ar\/w\/wp-content\/uploads\/2019\/07\/TdM.jpg\"><img loading=\"lazy\" decoding=\"async\" class=\"size-medium wp-image-20500 alignleft\" src=\"https:\/\/crc.org.ar\/w\/wp-content\/uploads\/2019\/07\/TdM-300x295.jpg\" alt=\"\" width=\"300\" height=\"295\" srcset=\"https:\/\/crc.org.ar\/w\/wp-content\/uploads\/2019\/07\/TdM-300x295.jpg 300w, https:\/\/crc.org.ar\/w\/wp-content\/uploads\/2019\/07\/TdM.jpg 488w\" sizes=\"(max-width: 300px) 100vw, 300px\" \/><\/a>PODIOS \u201cREMEROS\u201d<\/strong><\/p>\n<p><strong>Damas<\/strong><\/p>\n<p><strong>Maxi 70:<\/strong> 1) Elisa Lascano (C\u00f3rdoba), 2) <strong>Myiriam Giardinieri<\/strong> (Corrientes), 3) Alicia \u00c1lvarez (C\u00f3rdoba) y <strong>Flavia Dusset<\/strong> (Corrientes).<\/p>\n<p><strong>Caballeros<\/strong><\/p>\n<p><strong>Maxi 65:<\/strong> 1) Carlos Larsson (C\u00f3rdoba), 2) Miguel Schneider (Fetemba), 3) Julio Villaroel (San Juan) y <strong>Nelson Veas<\/strong> (Corrientes).<\/p>\n","protected":false},"excerpt":{"rendered":"<p>(Jueves 18 de julio de 2019). El equipo de tenis de mesa del Club de Regatas Corrientes dijo presente en el 65 Campeonato Argentino que se llev\u00f3 a cabo en Santiago del Estero, con los Maxi logrando importantes podios. En tanto los m\u00e1s chicos siguen acumulando experiencia. Con marcado \u00e9xito, el pasado fin de semana, &hellip;<\/p>\n","protected":false},"author":1,"featured_media":20501,"comment_status":"closed","ping_status":"closed","sticky":false,"template":"","format":"standard","meta":{"footnotes":""},"categories":[156,13],"tags":[],"_links":{"self":[{"href":"https:\/\/crc.org.ar\/w\/wp-json\/wp\/v2\/posts\/20498"}],"collection":[{"href":"https:\/\/crc.org.ar\/w\/wp-json\/wp\/v2\/posts"}],"about":[{"href":"https:\/\/crc.org.ar\/w\/wp-json\/wp\/v2\/types\/post"}],"author":[{"embeddable":true,"href":"https:\/\/crc.org.ar\/w\/wp-json\/wp\/v2\/users\/1"}],"replies":[{"embeddable":true,"href":"https:\/\/crc.org.ar\/w\/wp-json\/wp\/v2\/comments?post=20498"}],"version-history":[{"count":1,"href":"https:\/\/crc.org.ar\/w\/wp-json\/wp\/v2\/posts\/20498\/revisions"}],"predecessor-version":[{"id":20502,"href":"https:\/\/crc.org.ar\/w\/wp-json\/wp\/v2\/posts\/20498\/revisions\/20502"}],"wp:featuredmedia":[{"embeddable":true,"href":"https:\/\/crc.org.ar\/w\/wp-json\/wp\/v2\/media\/20501"}],"wp:attachment":[{"href":"https:\/\/crc.org.ar\/w\/wp-json\/wp\/v2\/media?parent=20498"}],"wp:term":[{"taxonomy":"category","embeddable":true,"href":"https:\/\/crc.org.ar\/w\/wp-json\/wp\/v2\/categories?post=20498"},{"taxonomy":"post_tag","embeddable":true,"href":"https:\/\/crc.org.ar\/w\/wp-json\/wp\/v2\/tags?post=20498"}],"curies":[{"name":"wp","href":"https:\/\/api.w.org\/{rel}","templated":true}]}}