{"id":20537,"date":"2019-07-19T14:56:30","date_gmt":"2019-07-19T17:56:30","guid":{"rendered":"https:\/\/crc.org.ar\/w\/?p=20537"},"modified":"2019-07-19T14:56:30","modified_gmt":"2019-07-19T17:56:30","slug":"segunda-fecha-del-gran-prix-mercosur-en-posadas","status":"publish","type":"post","link":"https:\/\/crc.org.ar\/w\/segunda-fecha-del-gran-prix-mercosur-en-posadas\/","title":{"rendered":"Segunda fecha del Gran Prix Mercosur en Posadas"},"content":{"rendered":"<p>(Viernes 19 de julio de 2019). Este s\u00e1bado dar\u00e1 inicio la segunda fecha del \u201cGran Prix Mercosur\u201d en Posadas, organizado por el Club de Vela Ligera Misiones. Se esperan nautas de Brasil, Paraguay y Argentina, entre ellos los del Club de Regatas Corrientes.<!--more--><\/p>\n<p><a href=\"https:\/\/crc.org.ar\/w\/wp-content\/uploads\/2019\/07\/totora.jpg\"><img loading=\"lazy\" decoding=\"async\" class=\"alignright size-medium wp-image-20538\" src=\"https:\/\/crc.org.ar\/w\/wp-content\/uploads\/2019\/07\/totora-300x169.jpg\" alt=\"\" width=\"300\" height=\"169\" srcset=\"https:\/\/crc.org.ar\/w\/wp-content\/uploads\/2019\/07\/totora-300x169.jpg 300w, https:\/\/crc.org.ar\/w\/wp-content\/uploads\/2019\/07\/totora.jpg 640w\" sizes=\"(max-width: 300px) 100vw, 300px\" \/><\/a>En la ciudad de Posadas, organizado por el Club de Vela Ligera Misiones, continuar\u00e1 este s\u00e1bado, domingo y lunes la temporada 2019 del \u201cGran Prix Mercosur\u201d, para las clases Optimist y Laser.<\/p>\n<p>La competencia, que comenz\u00f3 en mayo pasado en la Laguna Totora de la localidad de San Cosme (Corrientes), se regir\u00e1 por las reglas de Regatas a Vela de la World Sailing (RRV), y se llevar\u00e1 a cabo en el muelle de pescadores en la bah\u00eda \u201cEl Brete\u201d.<\/p>\n<p>Para la oportunidad se espera nautas de Brasil, Paraguay, Misiones, Chaco y Corrientes, entre ellos el equipo del Club de Regatas Corrientes, con el instructor <strong>Ernesto Soto Demonte<\/strong>, integrado con <strong>Franco Cassiet, Luz Mar\u00eda Weyler <\/strong>y<strong> Lucas Viera.<\/strong><\/p>\n<p><strong>PROGRAMA<\/strong><\/p>\n<p><strong>S\u00e1bado 20\/07:<\/strong> 8:00 a 10:00 hs. acreditaciones. 10:00 hs. reuni\u00f3n de timoneles y entrenadores 13:00 hs. se\u00f1al de atenci\u00f3n 1\u00aa regata del d\u00eda, 2\u00aa y 3\u00aa a continuaci\u00f3n<\/p>\n<p><strong>Domingo 21\/7:<\/strong> 10:00 hs. se\u00f1al de atenci\u00f3n 1\u00aa regata del d\u00eda, 2\u00aa y 3\u00aa a continuaci\u00f3n.<\/p>\n<p><strong>Lunes 22\/\/:<\/strong> 10 hs. se\u00f1al de atenci\u00f3n 1\u00aa regata del d\u00eda y 2\u00aa a continuaci\u00f3n. 15 hs. ceremonia de clausura y entrega de premios.<\/p>\n<p><strong><a href=\"https:\/\/crc.org.ar\/w\/wp-content\/uploads\/2019\/07\/totora1.jpg\"><img loading=\"lazy\" decoding=\"async\" class=\"alignright size-medium wp-image-20539\" src=\"https:\/\/crc.org.ar\/w\/wp-content\/uploads\/2019\/07\/totora1-300x138.jpg\" alt=\"\" width=\"300\" height=\"138\" srcset=\"https:\/\/crc.org.ar\/w\/wp-content\/uploads\/2019\/07\/totora1-300x138.jpg 300w, https:\/\/crc.org.ar\/w\/wp-content\/uploads\/2019\/07\/totora1.jpg 640w\" sizes=\"(max-width: 300px) 100vw, 300px\" \/><\/a>LA COMPETENCIA<\/strong><\/p>\n<p>Est\u00e1n programadas nueve (9) regatas, y el campeonato ser\u00e1 v\u00e1lido con las regatas completadas. Si son cuatro o menos no habr\u00e1 descartes. Mientras que completadas cinco o m\u00e1s regatas se sumaran todas las regatas descartando su peor puntuaci\u00f3n (un descarte).<\/p>\n<p>En cuanto a las canchas, para la clase Optimist Principiantes y Timoneles ser\u00e1 trapezoide franc\u00e9s y como recorrido alternativo barlovento \u2013 sotavento. Para la Clase Optimist Escuelas ser\u00e1 barlovento sotavento. Y para las Clases Laser ser\u00e1 barlovento \u2013 sotavento.<\/p>\n<p>En cuento a la premiaci\u00f3n, se premiar\u00e1 en la Clase Optimist Escuelas: general del 1\u00b0 al 5\u00b0, Principiantes: general del 1\u00b0 al 5\u00b0, y Timoneles: general del 1\u00b0 al 5\u00b0. En la Clase Laser: 4.7: general del 1\u00ba al 3\u00ba y 1\u00b0 femenino, Radial: general del 1\u00ba al 3\u00ba y 1\u00b0 femenino, y Standard: general del 1\u00ba al 3\u00ba.<\/p>\n","protected":false},"excerpt":{"rendered":"<p>(Viernes 19 de julio de 2019). Este s\u00e1bado dar\u00e1 inicio la segunda fecha del \u201cGran Prix Mercosur\u201d en Posadas, organizado por el Club de Vela Ligera Misiones. Se esperan nautas de Brasil, Paraguay y Argentina, entre ellos los del Club de Regatas Corrientes. En la ciudad de Posadas, organizado por el Club de Vela Ligera &hellip;<\/p>\n","protected":false},"author":1,"featured_media":20539,"comment_status":"closed","ping_status":"closed","sticky":false,"template":"","format":"standard","meta":{"footnotes":""},"categories":[156,75],"tags":[],"_links":{"self":[{"href":"https:\/\/crc.org.ar\/w\/wp-json\/wp\/v2\/posts\/20537"}],"collection":[{"href":"https:\/\/crc.org.ar\/w\/wp-json\/wp\/v2\/posts"}],"about":[{"href":"https:\/\/crc.org.ar\/w\/wp-json\/wp\/v2\/types\/post"}],"author":[{"embeddable":true,"href":"https:\/\/crc.org.ar\/w\/wp-json\/wp\/v2\/users\/1"}],"replies":[{"embeddable":true,"href":"https:\/\/crc.org.ar\/w\/wp-json\/wp\/v2\/comments?post=20537"}],"version-history":[{"count":1,"href":"https:\/\/crc.org.ar\/w\/wp-json\/wp\/v2\/posts\/20537\/revisions"}],"predecessor-version":[{"id":20540,"href":"https:\/\/crc.org.ar\/w\/wp-json\/wp\/v2\/posts\/20537\/revisions\/20540"}],"wp:featuredmedia":[{"embeddable":true,"href":"https:\/\/crc.org.ar\/w\/wp-json\/wp\/v2\/media\/20539"}],"wp:attachment":[{"href":"https:\/\/crc.org.ar\/w\/wp-json\/wp\/v2\/media?parent=20537"}],"wp:term":[{"taxonomy":"category","embeddable":true,"href":"https:\/\/crc.org.ar\/w\/wp-json\/wp\/v2\/categories?post=20537"},{"taxonomy":"post_tag","embeddable":true,"href":"https:\/\/crc.org.ar\/w\/wp-json\/wp\/v2\/tags?post=20537"}],"curies":[{"name":"wp","href":"https:\/\/api.w.org\/{rel}","templated":true}]}}