{"id":20836,"date":"2019-07-30T12:43:12","date_gmt":"2019-07-30T15:43:12","guid":{"rendered":"https:\/\/crc.org.ar\/w\/?p=20836"},"modified":"2019-07-30T12:43:12","modified_gmt":"2019-07-30T15:43:12","slug":"alejandro-vera-concentro-en-tigre-para-el-mundial-de-austria","status":"publish","type":"post","link":"https:\/\/crc.org.ar\/w\/alejandro-vera-concentro-en-tigre-para-el-mundial-de-austria\/","title":{"rendered":"Alejandro Vera concentr\u00f3 en Tigre para el Mundial de Austria"},"content":{"rendered":"<p>(Martes 30 de julio de 2019). El remero del Club de Regatas Corrientes, <strong>Alejandro Vera<\/strong>, concentr\u00f3 hasta el \u00faltimo fin de semana en Tigre con vistas a su participaci\u00f3n en el Campeonato Mundial en Linz-Ottensheim (Austria), del 25 de agosto al 1 de septiembre pr\u00f3ximo.<!--more--><\/p>\n<p><a href=\"https:\/\/crc.org.ar\/w\/wp-content\/uploads\/2019\/07\/ale-vera.jpg\"><img loading=\"lazy\" decoding=\"async\" class=\"size-medium wp-image-20837 alignleft\" src=\"https:\/\/crc.org.ar\/w\/wp-content\/uploads\/2019\/07\/ale-vera-300x196.jpg\" alt=\"\" width=\"300\" height=\"196\" srcset=\"https:\/\/crc.org.ar\/w\/wp-content\/uploads\/2019\/07\/ale-vera-300x196.jpg 300w, https:\/\/crc.org.ar\/w\/wp-content\/uploads\/2019\/07\/ale-vera.jpg 640w\" sizes=\"(max-width: 300px) 100vw, 300px\" \/><\/a>Trabajando para el Campeonato Mundial en Linz-Ottensheim (Austria), del 25 de agosto al 1 de septiembre pr\u00f3ximo, la Selecci\u00f3n Argentina de Para Remo concentr\u00f3 en Tigre, provincia de Buenos Aires.<\/p>\n<p>De la concentraci\u00f3n fue de la partida el remero del Club de Regatas Corrientes, <strong>Alejandro Vera<\/strong>, que viene de ser bicampeonato en la Copa Am\u00e9rica (2018 y 2019), y de ganar el Selectivo en Tigre.<\/p>\n<p>De esta manera el campe\u00f3n Argentino 2018, comenz\u00f3 a buscar su puesta a punto para su segunda cita ecum\u00e9nica ya que anteriormente tambi\u00e9n dijo presente en el Mundial de Plovdiv (Bulgaria), en donde fue segundo en la final C.<\/p>\n<p>\u201cFue una semana de concentraci\u00f3n muy dura. El clima no acompa\u00f1\u00f3 por lo que todo se hizo muy dif\u00edcil. Pero no se par\u00f3, se realiz\u00f3 lo planificado\u201d, dijo el remero regatense al llegar a Corrientes.<\/p>\n<p>\u201cFueron d\u00edas intensos, de muchos kil\u00f3metros en el agua, y tambi\u00e9n de tiradas de mil metros, adem\u00e1s del trabajo en el gimnasio, que ya es parte de la rutina\u201d, sigui\u00f3 comentando \u201cAle\u201d Vera.<\/p>\n<p>\u201cAhora estoy en Corrientes, y sigo entrenando fuerte hasta el 16 de agosto en donde voy a volver a viajar a Tigre, y ya no vuelvo hasta que termine el Mundial\u201d, dijo Vera para finalizar.<\/p>\n<p><strong>PRIMERA <\/strong><strong>EXPERIENCIA<\/strong><\/p>\n<p>Recordemos que con un registro de 10 minutos, 38 segundos y 70 cent\u00e9simas, <strong>Alejandro Vera<\/strong>, finaliz\u00f3 segundo en la Final \u201cC\u201d del Campeonato Mundial, en Plovdiv, Bulgaria, 2018.<\/p>\n<p><strong>\u201cAle\u201d Vera<\/strong> cerr\u00f3 as\u00ed su primera experiencia mundialista, en una competencia en donde estuvo a la altura de las circunstancias, al punto que alcanz\u00f3 su mejor tiempo 10\u201935\u201d46\/100, quedando afuera de la Final \u201cB\u201d por foto finish<\/p>\n","protected":false},"excerpt":{"rendered":"<p>(Martes 30 de julio de 2019). El remero del Club de Regatas Corrientes, Alejandro Vera, concentr\u00f3 hasta el \u00faltimo fin de semana en Tigre con vistas a su participaci\u00f3n en el Campeonato Mundial en Linz-Ottensheim (Austria), del 25 de agosto al 1 de septiembre pr\u00f3ximo. Trabajando para el Campeonato Mundial en Linz-Ottensheim (Austria), del 25 &hellip;<\/p>\n","protected":false},"author":1,"featured_media":20838,"comment_status":"closed","ping_status":"closed","sticky":false,"template":"","format":"standard","meta":{"footnotes":""},"categories":[156,18],"tags":[],"_links":{"self":[{"href":"https:\/\/crc.org.ar\/w\/wp-json\/wp\/v2\/posts\/20836"}],"collection":[{"href":"https:\/\/crc.org.ar\/w\/wp-json\/wp\/v2\/posts"}],"about":[{"href":"https:\/\/crc.org.ar\/w\/wp-json\/wp\/v2\/types\/post"}],"author":[{"embeddable":true,"href":"https:\/\/crc.org.ar\/w\/wp-json\/wp\/v2\/users\/1"}],"replies":[{"embeddable":true,"href":"https:\/\/crc.org.ar\/w\/wp-json\/wp\/v2\/comments?post=20836"}],"version-history":[{"count":1,"href":"https:\/\/crc.org.ar\/w\/wp-json\/wp\/v2\/posts\/20836\/revisions"}],"predecessor-version":[{"id":20839,"href":"https:\/\/crc.org.ar\/w\/wp-json\/wp\/v2\/posts\/20836\/revisions\/20839"}],"wp:featuredmedia":[{"embeddable":true,"href":"https:\/\/crc.org.ar\/w\/wp-json\/wp\/v2\/media\/20838"}],"wp:attachment":[{"href":"https:\/\/crc.org.ar\/w\/wp-json\/wp\/v2\/media?parent=20836"}],"wp:term":[{"taxonomy":"category","embeddable":true,"href":"https:\/\/crc.org.ar\/w\/wp-json\/wp\/v2\/categories?post=20836"},{"taxonomy":"post_tag","embeddable":true,"href":"https:\/\/crc.org.ar\/w\/wp-json\/wp\/v2\/tags?post=20836"}],"curies":[{"name":"wp","href":"https:\/\/api.w.org\/{rel}","templated":true}]}}